{"id":1602,"date":"2009-02-21T09:08:28","date_gmt":"2009-02-21T08:08:28","guid":{"rendered":"http:\/\/www.brennerbasisdemokratie.eu\/?p=1602"},"modified":"2016-07-04T20:13:31","modified_gmt":"2016-07-04T18:13:31","slug":"endlich","status":"publish","type":"post","link":"https:\/\/www.brennerbasisdemokratie.eu\/?p=1602","title":{"rendered":"Und es dreht sich doch."},"content":{"rendered":"<p>Nach unerm\u00fcdlicher, konstanter Arbeit scheint das hier vorangetriebene Projekt seine ersten zarten Fr\u00fcchte hervorgebracht zu haben: <a title=\"Dello Sbarba: Freistaat und Panzer.\" href=\"http:\/\/riccardodellosbarba.wordpress.com\/2009\/02\/20\/freistaat-und-panzern\/\" target=\"_blank\">In seinem Blog<\/a> nimmt Riccardo Dello Sbarba, Fraktionsvorsitzender der Gr\u00fcnen und Landtagspr\u00e4sident a. D., zur Unabh\u00e4ngigkeit Stellung, und kn\u00fcpft sie an Bedingungen, die bereits hier formuliert und breit diskutiert wurden. Er schreibt unter anderem:<\/p>\n<blockquote>\n<p style=\"text-align: left;\">Per questo, ho detto, la \u201dVision Freistaat\u00e2\u20ac\u009d dovrebbe contenere:<\/p>\n<ol>\n<li>L\u2019idea di una regione europea aperta e plurilingue di diverse culture, esperienze, storie tutte dotate di uguale dignit\u00e0\u00a0 e diritti.<\/li>\n<li>La promessa dell\u2019abolizione di ogni logica e misura di separazione etnica: un unico sistema scolastico plurilingue, la fine dei partiti etnici, il principio della cittadinanza universale e uguale.<\/li>\n<li>Il riconoscimento di un Heimatrecht uguale per tutte le persone che vivono sul territorio di questo \u201dStato libero\u00e2\u20ac\u009d. Ci\u00f2 vuol dire che la terra non appartiene a nessuno, ma a tutti (a Dio, dicevano i medioevali), che non ci sono primi arrivati e ultimi arrivati, che non ci sono proprietari e ospiti. Ci\u00f2 vuol dire che ogni decisione politica su questa strada la prendono tutti e tutte, senza sbarramenti dovuti alla anzianit\u00e0\u00a0 di residenza (Eva Klotz aveva sostenuto che secondo le norme internazionali in un referendum sulla Selbstbestimmung potranno votare le persone che hanno una residenza di 50, oppore ad essere generosi, di 30 anni in Sudtirolo!).<\/li>\n<li>Rinuncia alla violenza e alla glorificazione della violenza.<\/li>\n<li>Immediata cessazione di ogni provocazione. La strada per l\u2019autodeterminazione, se questa vuol convincere gli italiani, non pu\u00f2 passare per le marce e la richiesta di abbattere i monumenti, ma per il rispetto della storia e dell\u2019esperienza di ciascuno, che va contestualizzata, resa testimonianza di una educazione alla democrazia, ma non rasa al suolo.<\/li>\n<\/ol>\n<\/blockquote>\n<p>Wieviel davon auf die Arbeit in diesem Blog und seinem Netzwerk zur\u00fcckzuf\u00fchren ist, sei dahingestellt. Dass wir jedoch dazu beigetragen haben (und weiterhin beitragen werden), das Thema Selbstbestimmung \u2014 gesellschaftlich \u2014 aus dem sicheren Griff der r\u00fcckw\u00e4rtsgewandten Rechten zu l\u00f6sen und alternative Blickpunkte anzubieten, ist schwerlich leugbar.<\/p>\n<p>Herrn Dello Sbarba spreche ich meine Genugtuung aus f\u00fcr den Mut, \u00fcber seinen Schatten zu springen und neue L\u00f6sungsans\u00e4tze zumindest zuzulassen. Die Stellungnahmen, die sich seinem Eintrag anschlie\u00dfen, lassen gleichwohl vermuten, dass sich die lange unterdr\u00fcckte Seele der progressiven Unabh\u00e4ngigkeitsbef\u00fcrworter langsam vom <em>Tabu<\/em> der Selbstbestimmung l\u00f6st.<\/p>","protected":false},"excerpt":{"rendered":"<p>Nach unerm\u00fcdlicher, konstanter Arbeit scheint das hier vorangetriebene Projekt seine ersten zarten Fr\u00fcchte hervorgebracht zu haben: In seinem Blog nimmt Riccardo Dello Sbarba, Fraktionsvorsitzender der Gr\u00fcnen und Landtagspr\u00e4sident a. D., zur Unabh\u00e4ngigkeit Stellung, und kn\u00fcpft sie an Bedingungen, die bereits hier formuliert und breit diskutiert wurden. Er schreibt unter anderem: Per questo, ho detto, la [&hellip;]<\/p>","protected":false},"author":1,"featured_media":0,"comment_status":"open","ping_status":"open","sticky":false,"template":"","format":"standard","meta":{"_crdt_document":"","ngg_post_thumbnail":0,"_jetpack_memberships_contains_paid_content":false,"footnotes":""},"categories":[],"tags":[],"class_list":["post-1602","post","type-post","status-publish","format-standard","hentry","entity-verc","language-italiano","topic-kohasion","topic-medien","topic-plurilinguism","topic-politik","topic-selbstbestimmung"],"jetpack_featured_media_url":"","jetpack_sharing_enabled":true,"_links":{"self":[{"href":"https:\/\/www.brennerbasisdemokratie.eu\/index.php?rest_route=\/wp\/v2\/posts\/1602","targetHints":{"allow":["GET"]}}],"collection":[{"href":"https:\/\/www.brennerbasisdemokratie.eu\/index.php?rest_route=\/wp\/v2\/posts"}],"about":[{"href":"https:\/\/www.brennerbasisdemokratie.eu\/index.php?rest_route=\/wp\/v2\/types\/post"}],"author":[{"embeddable":true,"href":"https:\/\/www.brennerbasisdemokratie.eu\/index.php?rest_route=\/wp\/v2\/users\/1"}],"replies":[{"embeddable":true,"href":"https:\/\/www.brennerbasisdemokratie.eu\/index.php?rest_route=%2Fwp%2Fv2%2Fcomments&post=1602"}],"version-history":[{"count":13,"href":"https:\/\/www.brennerbasisdemokratie.eu\/index.php?rest_route=\/wp\/v2\/posts\/1602\/revisions"}],"predecessor-version":[{"id":30002,"href":"https:\/\/www.brennerbasisdemokratie.eu\/index.php?rest_route=\/wp\/v2\/posts\/1602\/revisions\/30002"}],"wp:attachment":[{"href":"https:\/\/www.brennerbasisdemokratie.eu\/index.php?rest_route=%2Fwp%2Fv2%2Fmedia&parent=1602"}],"wp:term":[{"taxonomy":"category","embeddable":true,"href":"https:\/\/www.brennerbasisdemokratie.eu\/index.php?rest_route=%2Fwp%2Fv2%2Fcategories&post=1602"},{"taxonomy":"post_tag","embeddable":true,"href":"https:\/\/www.brennerbasisdemokratie.eu\/index.php?rest_route=%2Fwp%2Fv2%2Ftags&post=1602"}],"curies":[{"name":"wp","href":"https:\/\/api.w.org\/{rel}","templated":true}]}}