{"id":16023,"date":"2013-07-12T11:20:39","date_gmt":"2013-07-12T09:20:39","guid":{"rendered":"http:\/\/www.brennerbasisdemokratie.eu\/?p=16023"},"modified":"2023-11-20T21:21:04","modified_gmt":"2023-11-20T20:21:04","slug":"mehr-uberwachung-noch-mehr-staat","status":"publish","type":"post","link":"https:\/\/www.brennerbasisdemokratie.eu\/?p=16023","title":{"rendered":"Mehr \u00dcberwachung, noch mehr Staat."},"content":{"rendered":"<blockquote><p><img loading=\"lazy\" decoding=\"async\" class=\"aligncenter size-full wp-image-16037\" src=\"http:\/\/www.brennerbasisdemokratie.eu\/wp-content\/uploads\/2013\/07\/ueberwachung.png\" alt=\"\u00dcberwachung.\" width=\"600\" height=\"267\" srcset=\"https:\/\/www.brennerbasisdemokratie.eu\/wp-content\/uploads\/2013\/07\/ueberwachung.png 600w, https:\/\/www.brennerbasisdemokratie.eu\/wp-content\/uploads\/2013\/07\/ueberwachung-150x66.png 150w, https:\/\/www.brennerbasisdemokratie.eu\/wp-content\/uploads\/2013\/07\/ueberwachung-300x133.png 300w, https:\/\/www.brennerbasisdemokratie.eu\/wp-content\/uploads\/2013\/07\/ueberwachung-500x222.png 500w\" sizes=\"auto, (max-width: 600px) 100vw, 600px\" \/><\/p><\/blockquote>\n<p>Mit 472 Beamten je 100.000 Einwohnerinnen lag die Polizeidichte in Italien um die Jahrtausendwende sage und schreibe 40% \u00fcber dem EU-Durchschnitt (337)*. Wie regelm\u00e4\u00dfig verlautbart wird, liegt dieser Wert in S\u00fcdtirol noch einmal h\u00f6her, weshalb in Vergangenheit auch schon mehrmals die Forderung laut wurde, die Polizeipr\u00e4senz zu reduzieren.<br \/>\nWie das folgende, dem zweiten Sicherheitsbericht des deutschen Bundeskriminalamts (BKA) von 2006 entnommene Schaubild zeigt, korreliert das Sicherheitsgef\u00fchl der Bev\u00f6lkerung ohnehin kaum mit der Polizeidichte.<\/p>\n<blockquote><p><img loading=\"lazy\" decoding=\"async\" class=\"aligncenter size-full wp-image-16024\" src=\"http:\/\/www.brennerbasisdemokratie.eu\/wp-content\/uploads\/2013\/07\/polizeidichte.jpg\" alt=\"Polizeidichte\/Kriminalit\u00e4tseinsch\u00e4tzung.\" width=\"600\" height=\"593\" srcset=\"https:\/\/www.brennerbasisdemokratie.eu\/wp-content\/uploads\/2013\/07\/polizeidichte.jpg 600w, https:\/\/www.brennerbasisdemokratie.eu\/wp-content\/uploads\/2013\/07\/polizeidichte-150x148.jpg 150w, https:\/\/www.brennerbasisdemokratie.eu\/wp-content\/uploads\/2013\/07\/polizeidichte-300x296.jpg 300w, https:\/\/www.brennerbasisdemokratie.eu\/wp-content\/uploads\/2013\/07\/polizeidichte-303x300.jpg 303w\" sizes=\"auto, (max-width: 600px) 100vw, 600px\" \/><\/p><\/blockquote>\n<p>In Italien ist die Polizeidichte im Vergleich der untersuchten L\u00e4nder am h\u00f6chsten; trotzdem zeigt der Wert f\u00fcr die Kriminalit\u00e4tseinsch\u00e4tzung, dass sich die Bev\u00f6lkerung relativ unsicher f\u00fchlt. In den skandinavischen L\u00e4ndern geht eine vergleichsweise niedrige Polizeidichte mit einem hohen Sicherheitsgef\u00fchl einher, Deutschland und \u00d6sterreich erreichen mit einer durchschnittlichen Polizeidichte exzellente Werte, w\u00e4hrend in Spanien mit einer hohen Polizeipr\u00e4senz auch ein sehr hohes Sicherheitsgef\u00fchl erreicht wird.<\/p>\n<p>Der italienische Staat scheint in dieser Beziehung eines der ineffizientesten \u2018Systeme\u2019 zu sein. Ob dies auf schlechte Ausbildung und Ausr\u00fcstung der Polizeikr\u00e4fte, auf ihren falschen Einsatz (etwa: B\u00fcro statt Stra\u00dfe), auf laxe Gesetze, die keine effiziente Arbeit gestatten oder auf andere Faktoren zur\u00fcckzuf\u00fchren ist \u2014 dar\u00fcber kann an dieser Stelle nur spekuliert werden. Indes scheint klar, dass, wollte man das Sicherheitsgef\u00fchl der B\u00fcrger erh\u00f6hen, nicht noch mehr Beamte n\u00f6tig sind, sondern andere Stellschrauben zu bet\u00e4tigen w\u00e4ren.<\/p>\n<p>Einer <a title=\"SVP: Senator Berger trifft Bozner Qu\u00e4stor...\" href=\"http:\/\/www.svp.eu\/de\/presse\/Mitteilungen\/20130412|8527.html\" target=\"_blank\" rel=\"noopener noreferrer\">Pressemitteilung<\/a> der <em>S\u00fcdtiroler Volkspartei<\/em> vom April 2013 \u00fcber ein Treffen zwischen Polizeipr\u00e4sident La Vigna und Senator Karl Berger (SVP) ist denn auch folgender Satz zu entnehmen:<\/p>\n<blockquote><p>Die Pr\u00e4senz der Ordnungsh\u00fcter zu erh\u00f6hen \u2013 so Berger \u2013 sei [&#8230;] nicht der richtige Weg, da S\u00fcdtirol ohnehin schon eine h\u00f6here Polizeipr\u00e4senz als andere Regionen Italiens habe.<\/p><\/blockquote>\n<p>Doch jetzt soll alles anders kommen: Weil im Juni die Kinder einer prominenten Bozner Familie Opfer einer Schl\u00e4gerei wurden, machte der mediale Druck die Abhaltung eines Sicherheitsgipfels n\u00f6tig. Neben einer Intensivierung der Pr\u00e4ventionsarbeit wurden dort vor allem noch mehr private \u00dcberwachung durch Installation von Kameras sowie die Aufstockung der Polizei um 40 Beamte w\u00e4hrend der Sommermonate beschlossen. Angesichts der oben beschriebenen Relationen und der Tatsache, dass die Polizeidichte hierzulande schon mehr als 40% \u00fcber jener im benachbarten \u00d6sterreich liegt, kann man das getrost als puren Populismus bzw. Aktionismus bezeichnen. Der Staat d\u00fcrfte sich hingegen freuen, dass ihn das Land jetzt sogar auffordert, seine Pr\u00e4senz in S\u00fcdtirol noch einmal zu erh\u00f6hen \u2014 statt umgekehrt, wie bisher.<\/p>\n<p><strong><span style=\"font-family: Helvetica, Arial, sans-serif; text-transform: uppercase;\">C\u00ebla enghe:<\/span><\/strong> <a title=\"Jugendgewalt ist kein \u00bbAusl\u00e4nderproblem\u00ab.\" href=\"http:\/\/www.brennerbasisdemokratie.eu\/?p=15525\"><code>01<\/code><\/a> <a title=\"Ein M\u00e4nnerproblem?\" href=\"http:\/\/www.brennerbasisdemokratie.eu\/?p=15562\"><code>02<\/code><\/a> <a title=\"In Richtung Polizeistaat.\" href=\"http:\/\/www.brennerbasisdemokratie.eu\/?p=2844\"><code>03<\/code><\/a> <a title=\"Die mit dem Heer z\u00fcndeln.\" href=\"http:\/\/www.brennerbasisdemokratie.eu\/?p=1265\"><code>04<\/code><\/a> <span style=\"font-family: Helvetica, Arial, sans-serif; font-weight: normal;\">||<\/span> <a title=\"Zusammenh\u00e4nge? Fehlanzeige!\" href=\"https:\/\/www.brennerbasisdemokratie.eu\/?p=22488\" rel=\"\"><span style=\"color: #ff8c00\"><code>01<\/code><\/span><\/a>&nbsp;<a title=\"Militarisiertes Land.\" href=\"https:\/\/www.brennerbasisdemokratie.eu\/?p=62934\"><span style=\"color: #ff8c00\"><code>02<\/code><\/span><\/a> <a href=\"https:\/\/www.brennerbasisdemokratie.eu\/?p=54636\" title=\"Drei, vier, Polizei.\"><span style=\"color: #ff8c00\"><code>03<\/code><\/span><\/a><\/p>\n<p><small><em>*) Zweiter Sicherheitsbericht des Bundeskriminalamts, 2006.<\/em><\/small><\/p>","protected":false},"excerpt":{"rendered":"<p>Mit 472 Beamten je 100.000 Einwohnerinnen lag die Polizeidichte in Italien um die Jahrtausendwende sage und schreibe 40% \u00fcber dem EU-Durchschnitt (337)*. Wie regelm\u00e4\u00dfig verlautbart wird, liegt dieser Wert in S\u00fcdtirol noch einmal h\u00f6her, weshalb in Vergangenheit auch schon mehrmals die Forderung laut wurde, die Polizeipr\u00e4senz zu reduzieren. Wie das folgende, dem zweiten Sicherheitsbericht des [&hellip;]<\/p>","protected":false},"author":1,"featured_media":0,"comment_status":"open","ping_status":"open","sticky":false,"template":"","format":"standard","meta":{"_crdt_document":"","ngg_post_thumbnail":0,"_jetpack_memberships_contains_paid_content":false,"footnotes":""},"categories":[1],"tags":[],"class_list":["post-16023","post","type-post","status-publish","format-standard","hentry","category-allgemein","entity-svp","issue-zitac","location-deutschland","location-osterreich","language-deutsch","topic-politik","topic-polizei","topic-recht","topic-repression","topic-sicherheit"],"jetpack_featured_media_url":"","jetpack_sharing_enabled":true,"_links":{"self":[{"href":"https:\/\/www.brennerbasisdemokratie.eu\/index.php?rest_route=\/wp\/v2\/posts\/16023","targetHints":{"allow":["GET"]}}],"collection":[{"href":"https:\/\/www.brennerbasisdemokratie.eu\/index.php?rest_route=\/wp\/v2\/posts"}],"about":[{"href":"https:\/\/www.brennerbasisdemokratie.eu\/index.php?rest_route=\/wp\/v2\/types\/post"}],"author":[{"embeddable":true,"href":"https:\/\/www.brennerbasisdemokratie.eu\/index.php?rest_route=\/wp\/v2\/users\/1"}],"replies":[{"embeddable":true,"href":"https:\/\/www.brennerbasisdemokratie.eu\/index.php?rest_route=%2Fwp%2Fv2%2Fcomments&post=16023"}],"version-history":[{"count":19,"href":"https:\/\/www.brennerbasisdemokratie.eu\/index.php?rest_route=\/wp\/v2\/posts\/16023\/revisions"}],"predecessor-version":[{"id":82029,"href":"https:\/\/www.brennerbasisdemokratie.eu\/index.php?rest_route=\/wp\/v2\/posts\/16023\/revisions\/82029"}],"wp:attachment":[{"href":"https:\/\/www.brennerbasisdemokratie.eu\/index.php?rest_route=%2Fwp%2Fv2%2Fmedia&parent=16023"}],"wp:term":[{"taxonomy":"category","embeddable":true,"href":"https:\/\/www.brennerbasisdemokratie.eu\/index.php?rest_route=%2Fwp%2Fv2%2Fcategories&post=16023"},{"taxonomy":"post_tag","embeddable":true,"href":"https:\/\/www.brennerbasisdemokratie.eu\/index.php?rest_route=%2Fwp%2Fv2%2Ftags&post=16023"}],"curies":[{"name":"wp","href":"https:\/\/api.w.org\/{rel}","templated":true}]}}