{"id":16061,"date":"2013-07-13T15:45:07","date_gmt":"2013-07-13T13:45:07","guid":{"rendered":"http:\/\/www.brennerbasisdemokratie.eu\/?p=16061"},"modified":"2020-02-10T17:48:52","modified_gmt":"2020-02-10T16:48:52","slug":"lavvocato-del-diavolo","status":"publish","type":"post","link":"https:\/\/www.brennerbasisdemokratie.eu\/?p=16061","title":{"rendered":"L&#8217;avvocato del diavolo."},"content":{"rendered":"<blockquote><p><strong>Entriamo nel tema: supponendo che dovesse fare l&#8217;avvocato del diavolo dell&#8217;unionismo, quali argomenti in suo favore userebbe?<\/strong><\/p>\n<p>Quando mi chiama avvocato del diavolo, sta dicendo che gli unionisti sono diavoli?<\/p>\n<p><strong>Piuttosto dico che se l&#8217;indipendenza passasse per un processo di beatificazione sarebbe necessario un avvocato del diavolo che citasse argomenti contrari, pur essendo favorevole all&#8217;indipendentismo. La domanda \u00e8 quali argomenti userebbe Lei se le toccasse questo ruolo<\/strong><\/p>\n<p>Vediamo. La mia posizione rispetto a questo tema e su qualsiasi regione del mondo che volesse diventare indipendente \u00e8 che il popolo deve decidere. Ci\u00f2 che come liberale mi preoccupa \u00e8 che sul pianeta terra, nel 21\u00b0 secolo, si possa arrivare all&#8217;indipendenza tramite una guerra e dopo 15 giorni disporre di un seggio all&#8217;ONU. Ma modificare i confini con il voto, non si pu\u00f2. Dalla Spagna ora si sta attaccando la Catalogna in maniera brutale. Ci chiamano nazisti e ci insultano perch\u00e9 vogliamo votare. La schizofrenia \u00e8 tale che ci dicono &#8220;la Costituzione, il grande libro della democrazia, vi proibisce di votare&#8221;. Vediamo, aspetta\u2026 il grande libro della democrazia proibisce di votare? Per\u00f2 che gran libro \u00e8 questo? Quindi, se io fossi il diavolo o il suo avvocato, direi: &#8220;che votino&#8221;. Se vince il no, \u00e8 no. Questo \u00e8 l&#8217;argomento. E se vince il s\u00ec, \u00e8 s\u00ec. E anche questo \u00e8 l&#8217;argomento. A partire da qui sono favorevole a discutere i pro e i contro. Soprattutto dal punto di vista economico, che \u00e8 il mio. Per questo, quando leggo articoli che parlano delle sette piaghe bibliche che ci colpiranno se diventiamo indipendenti, mi irrito. Perch\u00e9 bisogna votare. E votare liberamente, con informazioni corrette e non con tentativi assurdi di manipolare l&#8217;opinione o con le minacce. Dev&#8217;essere una decisione libera, null&#8217;altro.<\/p>\n<p><strong>Cosa facciamo se quelli che stanno dall&#8217;altra parte [il resto della Spagna, n.], anch&#8217;essi democraticamente, dicono che non vogliono modificare i confini?<\/strong><\/p>\n<p>Si tratta di decidere quel che vuoi essere tu. E questo automaticamente definisce il confine. E chi deve decidere che cosa vuole sei tu. Non tu e il tuo vicino. Se votassimo sia noi che il vicino, finiremmo tutti per essere cinesi, perch\u00e9, visto che sono la maggioranza, vincerebbero qualsiasi votazione nella quale si chiedesse se vogliono annettersi i vicini. Se gli spagnoli vogliono essere spagnoli, che siano spagnoli. Se i cinesi votano che gli spagnoli debbono essere cinesi, la Spagna non diventa una provincia cinese. Quando una donna vuole divorziare da suo marito e andarsene da casa, lo decide lei e \u00abvota\u00bb solamente lei; non \u00abvotano\u00bb n\u00e9 lui n\u00e9 tutta la famiglia di lui. Allo stesso modo il futuro dei catalani lo devono decidere i catalani e solo i catalani. Gli extreme\u00f1i possono decidere sul futuro dell&#8217;Extremadura, ma non su quello della Catalogna. Se catalani e spagnoli decidono che vogliono far parte dello stesso stato, non c&#8217;\u00e8 confine. Ma se decidono cose differenti, il confine c&#8217;\u00e8. Questa \u00e8 la democrazia.<\/p>\n<p><strong>Ma una decisione di questo tipo riguarda tutti gli spagnoli.<\/strong><\/p>\n<p>Se i confini si definiscono a maggioranza, allora finiremo tutti per essere cinesi. Se gli spagnoli son disposti a parlare il mandarino fra 15 giorni, allora votiamo tutti.<\/p><\/blockquote>\n<p><em>Xavier Sala i Martin (Cabrera de Mar, 1963) \u00e8 economista, dottorato presso l&#8217;Universit\u00e0&nbsp; di Harvard, cattedratico presso la Columbia University, autore di vari libri sulla crescita economica e il liberalismo. Gi\u00e0&nbsp; tesoriere e presidente della Commissione Economica dell&#8217;FC Barcelona, \u00e8 fondatore della \u2018Fundaci\u00f3 Umbele: un futuro per l&#8217;Africa\u2019, collabora con il quotidiano \u2018La Vanguardia\u2019 e la televisione pubblica TV3. Vive a New York.<\/em><\/p>\n<p><small><em>Traduzione: <img class=\"bbdlogo\" src=\"https:\/\/www.brennerbasisdemokratie.eu\/wp-content\/uploads\/bbdsmileys\/bbde.png\"><\/em><\/small><\/p>","protected":false},"excerpt":{"rendered":"<p>Entriamo nel tema: supponendo che dovesse fare l&#8217;avvocato del diavolo dell&#8217;unionismo, quali argomenti in suo favore userebbe? Quando mi chiama avvocato del diavolo, sta dicendo che gli unionisti sono diavoli? Piuttosto dico che se l&#8217;indipendenza passasse per un processo di beatificazione sarebbe necessario un avvocato del diavolo che citasse argomenti contrari, pur essendo favorevole all&#8217;indipendentismo. [&hellip;]<\/p>","protected":false},"author":1,"featured_media":0,"comment_status":"open","ping_status":"open","sticky":false,"template":"","format":"standard","meta":{"_crdt_document":"","ngg_post_thumbnail":0,"_jetpack_memberships_contains_paid_content":false,"footnotes":""},"categories":[1],"tags":[],"class_list":["post-16061","post","type-post","status-publish","format-standard","hentry","category-allgemein","entity-uno","issue-zitac","location-catalunya","location-spania","language-italiano","topic-medien","topic-mitbestimmung","topic-politik","topic-wirtschaft"],"jetpack_featured_media_url":"","jetpack_sharing_enabled":true,"_links":{"self":[{"href":"https:\/\/www.brennerbasisdemokratie.eu\/index.php?rest_route=\/wp\/v2\/posts\/16061","targetHints":{"allow":["GET"]}}],"collection":[{"href":"https:\/\/www.brennerbasisdemokratie.eu\/index.php?rest_route=\/wp\/v2\/posts"}],"about":[{"href":"https:\/\/www.brennerbasisdemokratie.eu\/index.php?rest_route=\/wp\/v2\/types\/post"}],"author":[{"embeddable":true,"href":"https:\/\/www.brennerbasisdemokratie.eu\/index.php?rest_route=\/wp\/v2\/users\/1"}],"replies":[{"embeddable":true,"href":"https:\/\/www.brennerbasisdemokratie.eu\/index.php?rest_route=%2Fwp%2Fv2%2Fcomments&post=16061"}],"version-history":[{"count":14,"href":"https:\/\/www.brennerbasisdemokratie.eu\/index.php?rest_route=\/wp\/v2\/posts\/16061\/revisions"}],"predecessor-version":[{"id":54786,"href":"https:\/\/www.brennerbasisdemokratie.eu\/index.php?rest_route=\/wp\/v2\/posts\/16061\/revisions\/54786"}],"wp:attachment":[{"href":"https:\/\/www.brennerbasisdemokratie.eu\/index.php?rest_route=%2Fwp%2Fv2%2Fmedia&parent=16061"}],"wp:term":[{"taxonomy":"category","embeddable":true,"href":"https:\/\/www.brennerbasisdemokratie.eu\/index.php?rest_route=%2Fwp%2Fv2%2Fcategories&post=16061"},{"taxonomy":"post_tag","embeddable":true,"href":"https:\/\/www.brennerbasisdemokratie.eu\/index.php?rest_route=%2Fwp%2Fv2%2Ftags&post=16061"}],"curies":[{"name":"wp","href":"https:\/\/api.w.org\/{rel}","templated":true}]}}