{"id":16075,"date":"2013-07-14T23:28:56","date_gmt":"2013-07-14T21:28:56","guid":{"rendered":"http:\/\/www.brennerbasisdemokratie.eu\/?p=16075"},"modified":"2019-03-06T13:28:41","modified_gmt":"2019-03-06T12:28:41","slug":"cpi-geht-fn-kommt","status":"publish","type":"post","link":"https:\/\/www.brennerbasisdemokratie.eu\/?p=16075","title":{"rendered":"CPI geht, FN kommt."},"content":{"rendered":"<p>Wenige Wochen, nachdem die erkl\u00e4rt faschistische Bewegung <em>CasaPound<\/em> (CPI) ihren Leiferer Sitz dichtmachen musste, kommt auch schon wieder Bewegung in die rechtsextremistische Szene: Roberto Fiore, Chef von <em>Forza Nuova<\/em> (FN), k\u00fcndigte dieser Tage die Wiederer\u00f6ffnung des Meraner Parteisitzes an, der erst vor wenigen Jahren (und nach dauerhaftem Widerstand der <em>Antifa)<\/em> Hals \u00fcber Kopf verlassen wurde.<\/p>\n<p>Donato Seppis <em>Unitalia<\/em> erweist sich dabei einmal mehr als parteipolitischer Dreh- und Angelpunkt des braunen Sumpfes: Hatten Seppis Mannen im Zuge der Parlamentswahl noch auf der (dann gl\u00fccklicherweise kl\u00e4glich gescheiterten) Liste von CPI Unterschlupf gefunden, bietet Fiore nun Unterst\u00fctzung f\u00fcr <em>Unitalia<\/em> bei der anstehenden Landtagswahl an.<\/p>","protected":false},"excerpt":{"rendered":"<p>Wenige Wochen, nachdem die erkl\u00e4rt faschistische Bewegung CasaPound (CPI) ihren Leiferer Sitz dichtmachen musste, kommt auch schon wieder Bewegung in die rechtsextremistische Szene: Roberto Fiore, Chef von Forza Nuova (FN), k\u00fcndigte dieser Tage die Wiederer\u00f6ffnung des Meraner Parteisitzes an, der erst vor wenigen Jahren (und nach dauerhaftem Widerstand der Antifa) Hals \u00fcber Kopf verlassen wurde. [&hellip;]<\/p>","protected":false},"author":1,"featured_media":0,"comment_status":"open","ping_status":"open","sticky":false,"template":"","format":"standard","meta":{"_crdt_document":"","ngg_post_thumbnail":0,"_jetpack_memberships_contains_paid_content":false,"footnotes":""},"categories":[1],"tags":[],"class_list":["post-16075","post","type-post","status-publish","format-standard","hentry","category-allgemein","entity-antifa-meran","entity-cpi","entity-pdl","issue-landtagswahl-2013","location-sudtirolo","language-deutsch","person-donato-seppi","topic-faschismen","topic-politik"],"jetpack_featured_media_url":"","jetpack_sharing_enabled":true,"_links":{"self":[{"href":"https:\/\/www.brennerbasisdemokratie.eu\/index.php?rest_route=\/wp\/v2\/posts\/16075","targetHints":{"allow":["GET"]}}],"collection":[{"href":"https:\/\/www.brennerbasisdemokratie.eu\/index.php?rest_route=\/wp\/v2\/posts"}],"about":[{"href":"https:\/\/www.brennerbasisdemokratie.eu\/index.php?rest_route=\/wp\/v2\/types\/post"}],"author":[{"embeddable":true,"href":"https:\/\/www.brennerbasisdemokratie.eu\/index.php?rest_route=\/wp\/v2\/users\/1"}],"replies":[{"embeddable":true,"href":"https:\/\/www.brennerbasisdemokratie.eu\/index.php?rest_route=%2Fwp%2Fv2%2Fcomments&post=16075"}],"version-history":[{"count":13,"href":"https:\/\/www.brennerbasisdemokratie.eu\/index.php?rest_route=\/wp\/v2\/posts\/16075\/revisions"}],"predecessor-version":[{"id":39295,"href":"https:\/\/www.brennerbasisdemokratie.eu\/index.php?rest_route=\/wp\/v2\/posts\/16075\/revisions\/39295"}],"wp:attachment":[{"href":"https:\/\/www.brennerbasisdemokratie.eu\/index.php?rest_route=%2Fwp%2Fv2%2Fmedia&parent=16075"}],"wp:term":[{"taxonomy":"category","embeddable":true,"href":"https:\/\/www.brennerbasisdemokratie.eu\/index.php?rest_route=%2Fwp%2Fv2%2Fcategories&post=16075"},{"taxonomy":"post_tag","embeddable":true,"href":"https:\/\/www.brennerbasisdemokratie.eu\/index.php?rest_route=%2Fwp%2Fv2%2Ftags&post=16075"}],"curies":[{"name":"wp","href":"https:\/\/api.w.org\/{rel}","templated":true}]}}