{"id":16291,"date":"2013-07-28T18:38:31","date_gmt":"2013-07-28T16:38:31","guid":{"rendered":"http:\/\/www.brennerbasisdemokratie.eu\/?p=16291"},"modified":"2022-07-16T15:09:35","modified_gmt":"2022-07-16T13:09:35","slug":"quotation-xcviii-piu-bella","status":"publish","type":"post","link":"https:\/\/www.brennerbasisdemokratie.eu\/?p=16291","title":{"rendered":"Costituzione pi\u00f9 bella del mondo."},"content":{"rendered":"<blockquote><p>[C]&#8217;\u00e8 chi continua a ripetere la litania, giuridicamente irritante, della costituzione pi\u00f9 bella del mondo.<\/p><\/blockquote>\n<p><em>Sen. Francesco Palermo, \u00abIl parlamento ingessato dalla politica\u00bb,<\/em> A.Adige<\/p>\n<p><strong><span style=\"font-family: Helvetica, Arial, sans-serif; text-transform: uppercase;\">C\u00ebla enghe:<\/span><\/strong> <a title=\"Leere Worte.\" href=\"https:\/\/www.brennerbasisdemokratie.eu\/?p=2361\"><code>01<\/code><\/a><\/p>","protected":false},"excerpt":{"rendered":"<p>[C]&#8217;\u00e8 chi continua a ripetere la litania, giuridicamente irritante, della costituzione pi\u00f9 bella del mondo. Sen. Francesco Palermo, \u00abIl parlamento ingessato dalla politica\u00bb, A.Adige C\u00ebla enghe: 01<\/p>","protected":false},"author":1,"featured_media":0,"comment_status":"open","ping_status":"open","sticky":false,"template":"","format":"standard","meta":{"_crdt_document":"","ngg_post_thumbnail":0,"_jetpack_memberships_contains_paid_content":false,"footnotes":""},"categories":[1],"tags":[],"class_list":["post-16291","post","type-post","status-publish","format-standard","hentry","category-allgemein","issue-quotation","language-italiano","medium-aa","person-francesco-palermo","topic-medien","topic-politik","topic-recht"],"jetpack_featured_media_url":"","jetpack_sharing_enabled":true,"_links":{"self":[{"href":"https:\/\/www.brennerbasisdemokratie.eu\/index.php?rest_route=\/wp\/v2\/posts\/16291","targetHints":{"allow":["GET"]}}],"collection":[{"href":"https:\/\/www.brennerbasisdemokratie.eu\/index.php?rest_route=\/wp\/v2\/posts"}],"about":[{"href":"https:\/\/www.brennerbasisdemokratie.eu\/index.php?rest_route=\/wp\/v2\/types\/post"}],"author":[{"embeddable":true,"href":"https:\/\/www.brennerbasisdemokratie.eu\/index.php?rest_route=\/wp\/v2\/users\/1"}],"replies":[{"embeddable":true,"href":"https:\/\/www.brennerbasisdemokratie.eu\/index.php?rest_route=%2Fwp%2Fv2%2Fcomments&post=16291"}],"version-history":[{"count":7,"href":"https:\/\/www.brennerbasisdemokratie.eu\/index.php?rest_route=\/wp\/v2\/posts\/16291\/revisions"}],"predecessor-version":[{"id":73341,"href":"https:\/\/www.brennerbasisdemokratie.eu\/index.php?rest_route=\/wp\/v2\/posts\/16291\/revisions\/73341"}],"wp:attachment":[{"href":"https:\/\/www.brennerbasisdemokratie.eu\/index.php?rest_route=%2Fwp%2Fv2%2Fmedia&parent=16291"}],"wp:term":[{"taxonomy":"category","embeddable":true,"href":"https:\/\/www.brennerbasisdemokratie.eu\/index.php?rest_route=%2Fwp%2Fv2%2Fcategories&post=16291"},{"taxonomy":"post_tag","embeddable":true,"href":"https:\/\/www.brennerbasisdemokratie.eu\/index.php?rest_route=%2Fwp%2Fv2%2Ftags&post=16291"}],"curies":[{"name":"wp","href":"https:\/\/api.w.org\/{rel}","templated":true}]}}