{"id":16298,"date":"2013-07-29T10:32:05","date_gmt":"2013-07-29T08:32:05","guid":{"rendered":"http:\/\/www.brennerbasisdemokratie.eu\/?p=16298"},"modified":"2019-03-01T09:06:26","modified_gmt":"2019-03-01T08:06:26","slug":"nationalismus-vor-unversehrtheit","status":"publish","type":"post","link":"https:\/\/www.brennerbasisdemokratie.eu\/?p=16298","title":{"rendered":"Nationalismus vor Unversehrtheit."},"content":{"rendered":"<p>Einmal mehr werden im Kommentarbereich der Tageszeitung <em>A.Adige<\/em> menschenverachtende Stellungnahmen geduldet: Zuerst war es <a title=\"Blinde Hetze.\" href=\"http:\/\/www.brennerbasisdemokratie.eu\/?p=15467\">ein Busfahrer der \u00f6ffentlichen SASA<\/a>, der offen und mit rechtsextremistischen Parolen zur Selbstjustiz gegen Zuwanderer (\u00bbanimali\u00ab) aufrief. Dann erklommen Sch\u00fctzenhauptmann Arthur Bacher und Heimatbund-Obmann Roland Lang <a title=\"Am Gipfel der Geschmacklosigkeit.\" href=\"http:\/\/www.brennerbasisdemokratie.eu\/?p=15717\">den Gipfel der Geschmacklosigkeit<\/a>, als ihnen zu einem Artikel \u00fcber einen Bergunfall mit sechs Todesopfern nichts besseres einfiel, als eine Ortsnamendiskussion anzuzetteln.<\/p>\n<p>Diesmal <a title=\"AA: Il consigliere della Klotz...\" href=\"http:\/\/altoadige.gelocal.it\/cronaca\/2013\/07\/28\/news\/il-consigliere-della-klotz-toglie-i-tricolori-rimasti-dall-adunata-1.7492676\" target=\"_blank\" rel=\"noopener noreferrer\">berichtete<\/a> der <em>A.Adige<\/em> dar\u00fcber, dass derselbe Roland Lang einige Trikolore-Flaggen, die vom Alpinitreffen \u00fcbriggeblieben waren, eigenh\u00e4ndig abgeh\u00e4ngt habe. Man darf das guthei\u00dfen oder kritisieren \u2014 doch was man nicht darf, macht unter anderem dieser Herr vor:<\/p>\n<blockquote><p><img loading=\"lazy\" decoding=\"async\" class=\"aligncenter size-full wp-image-16299\" src=\"http:\/\/www.brennerbasisdemokratie.eu\/wp-content\/uploads\/2013\/07\/fb_paolobossi.png\" alt=\"Facebook Paolo Bossi.\" width=\"461\" height=\"68\" srcset=\"https:\/\/www.brennerbasisdemokratie.eu\/wp-content\/uploads\/2013\/07\/fb_paolobossi.png 461w, https:\/\/www.brennerbasisdemokratie.eu\/wp-content\/uploads\/2013\/07\/fb_paolobossi-150x22.png 150w, https:\/\/www.brennerbasisdemokratie.eu\/wp-content\/uploads\/2013\/07\/fb_paolobossi-300x44.png 300w\" sizes=\"auto, (max-width: 461px) 100vw, 461px\" \/><\/p><\/blockquote>\n<p>Daneben gibt es weitere geh\u00e4ssige Kommentare, wo zum Beispiel dazu aufgerufen wird, Herrn Lang anstelle der Flaggen \u00bbaufzuh\u00e4ngen\u00ab (!). Doch was die \u2014 hochbewertete \u2014 Stellungnahme des Herrn Bossi ganz besonders unertr\u00e4glich macht, ist die Tatsache, dass es sich bei ihm (seinen eigenen Angaben zufolge) um einen Feuerwehrmann handelt, um jemanden also, der f\u00fcr die Sicherheit und Unversehrtheit der B\u00fcrgerinnen zu sorgen hat. Doch offenbar macht nationalistischer Hass blind.<\/p>\n<p>Ein derartiger \u00bbBeitrag\u00ab sollte nicht nur von uns kritisiert und ger\u00fcgt werden, sondern m\u00fcsste unbedingt eine Disziplinarma\u00dfnahme der Feuerwehr nach sich ziehen, wenn wir als Gesellschaft derartig gef\u00e4hrliche Geschmacklosigkeiten nicht zur Normalit\u00e4t verkommen lassen wollen.<\/p>","protected":false},"excerpt":{"rendered":"<p>Einmal mehr werden im Kommentarbereich der Tageszeitung A.Adige menschenverachtende Stellungnahmen geduldet: Zuerst war es ein Busfahrer der \u00f6ffentlichen SASA, der offen und mit rechtsextremistischen Parolen zur Selbstjustiz gegen Zuwanderer (\u00bbanimali\u00ab) aufrief. Dann erklommen Sch\u00fctzenhauptmann Arthur Bacher und Heimatbund-Obmann Roland Lang den Gipfel der Geschmacklosigkeit, als ihnen zu einem Artikel \u00fcber einen Bergunfall mit sechs Todesopfern [&hellip;]<\/p>","protected":false},"author":1,"featured_media":0,"comment_status":"open","ping_status":"open","sticky":false,"template":"","format":"standard","meta":{"_crdt_document":"","ngg_post_thumbnail":0,"_jetpack_memberships_contains_paid_content":false,"footnotes":""},"categories":[1],"tags":[],"class_list":["post-16298","post","type-post","status-publish","format-standard","hentry","category-allgemein","entity-alpini","location-sudtirolo","language-deutsch","language-italiano","medium-aa","medium-socialmedia","topic-discriminaziun","topic-gesundheit","topic-medien","topic-nationalismus"],"jetpack_featured_media_url":"","jetpack_sharing_enabled":true,"_links":{"self":[{"href":"https:\/\/www.brennerbasisdemokratie.eu\/index.php?rest_route=\/wp\/v2\/posts\/16298","targetHints":{"allow":["GET"]}}],"collection":[{"href":"https:\/\/www.brennerbasisdemokratie.eu\/index.php?rest_route=\/wp\/v2\/posts"}],"about":[{"href":"https:\/\/www.brennerbasisdemokratie.eu\/index.php?rest_route=\/wp\/v2\/types\/post"}],"author":[{"embeddable":true,"href":"https:\/\/www.brennerbasisdemokratie.eu\/index.php?rest_route=\/wp\/v2\/users\/1"}],"replies":[{"embeddable":true,"href":"https:\/\/www.brennerbasisdemokratie.eu\/index.php?rest_route=%2Fwp%2Fv2%2Fcomments&post=16298"}],"version-history":[{"count":9,"href":"https:\/\/www.brennerbasisdemokratie.eu\/index.php?rest_route=\/wp\/v2\/posts\/16298\/revisions"}],"predecessor-version":[{"id":46903,"href":"https:\/\/www.brennerbasisdemokratie.eu\/index.php?rest_route=\/wp\/v2\/posts\/16298\/revisions\/46903"}],"wp:attachment":[{"href":"https:\/\/www.brennerbasisdemokratie.eu\/index.php?rest_route=%2Fwp%2Fv2%2Fmedia&parent=16298"}],"wp:term":[{"taxonomy":"category","embeddable":true,"href":"https:\/\/www.brennerbasisdemokratie.eu\/index.php?rest_route=%2Fwp%2Fv2%2Fcategories&post=16298"},{"taxonomy":"post_tag","embeddable":true,"href":"https:\/\/www.brennerbasisdemokratie.eu\/index.php?rest_route=%2Fwp%2Fv2%2Ftags&post=16298"}],"curies":[{"name":"wp","href":"https:\/\/api.w.org\/{rel}","templated":true}]}}