{"id":16688,"date":"2013-09-11T16:55:44","date_gmt":"2013-09-11T14:55:44","guid":{"rendered":"http:\/\/www.brennerbasisdemokratie.eu\/?p=16688"},"modified":"2018-02-26T21:47:47","modified_gmt":"2018-02-26T20:47:47","slug":"schwedin-%e2%89%a0-schwedin","status":"publish","type":"post","link":"https:\/\/www.brennerbasisdemokratie.eu\/?p=16688","title":{"rendered":"Schwedin \u2260\u00a0Schwedin."},"content":{"rendered":"<p>Ich gebe es zu: Nicht nur die SVP <a title=\"Opfer der Grenzenlosigkeit.\" href=\"http:\/\/www.brennerbasisdemokratie.eu\/?p=16567\">ist blau\u00e4ugig<\/a>, wenn sie glaubt, es gebe in Europa keine Grenzen \u2014 ich war es noch mehr, da ich der TAZ geglaubt hatte, Marie M\u00e5we h\u00e4tte keine Chance mehr, noch vor der Landtagswahl italienische Staatsb\u00fcrgerin zu werden. In meiner Naivit\u00e4t hatte ich v\u00f6llig untersch\u00e4tzt, wozu die S\u00fcdtiroler Mehrheitspartei in Sachen Korruption und Freunderlwirtschaft inzwischen f\u00e4hig ist. Ist das also der neue Stil, den wir von Arno Kompatscher erwarten d\u00fcrfen?<\/p>\n<p>Klaus Egger (Gr\u00fcne), der mit einer Schwedin verm\u00e4hlt ist, <a title=\"Klaus Egger: Schwedenfreuden.\" href=\"http:\/\/www.klaus-egger.com\/2013\/09\/schwedenfreuden-das-system-stellt-sich.html?spref=fb\" target=\"_blank\" rel=\"noopener\">berichtet<\/a>, dass es im Normalfall (laut amtlicher Auskunft!) mindestens 19 Monate dauert, bis eine Untertanin Carl Gustafs die italienische Staatsb\u00fcrgerschaft erh\u00e4lt. Frau M\u00e5we, die wohl etwas gleicher ist, als normale B\u00fcrgerInnen, wartete nur wenige Wochen. Gewiss w\u00e4re anderen Parteien, die nicht in Rom vertreten sind, eine derartige \u2014 eines Rechtsstaats unw\u00fcrdige \u2014 Sonderbehandlung nicht zuteil geworden.<\/p>\n<p>Normalerweise m\u00fcsste sich dieser Vorfall f\u00fcr die SVP in einen Bumerang verwandeln, h\u00fcten wir uns aber vor noch mehr Blau\u00e4ugigkeit. Zumindest eine Randnotiz verdient die ironische Tatsache, dass die Partei, die einst angetreten war, S\u00fcdtirol von Italien zu entkoppeln, nun aktiv dahin arbeitet, andere Europ\u00e4er zu italienischen Staatsb\u00fcrgern zu machen. Aber das ist nat\u00fcrlich dem Wahlrecht geschuldet, dem sich keine Partei entziehen kann, auch nicht eine, die die Existenz von EU-Innengrenzen leugnet.<\/p>","protected":false},"excerpt":{"rendered":"<p>Ich gebe es zu: Nicht nur die SVP ist blau\u00e4ugig, wenn sie glaubt, es gebe in Europa keine Grenzen \u2014 ich war es noch mehr, da ich der TAZ geglaubt hatte, Marie M\u00e5we h\u00e4tte keine Chance mehr, noch vor der Landtagswahl italienische Staatsb\u00fcrgerin zu werden. In meiner Naivit\u00e4t hatte ich v\u00f6llig untersch\u00e4tzt, wozu die S\u00fcdtiroler [&hellip;]<\/p>","protected":false},"author":1,"featured_media":0,"comment_status":"open","ping_status":"open","sticky":false,"template":"","format":"standard","meta":{"_crdt_document":"","ngg_post_thumbnail":0,"_jetpack_memberships_contains_paid_content":false,"footnotes":""},"categories":[],"tags":[],"class_list":["post-16688","post","type-post","status-publish","format-standard","hentry","entity-eu","entity-svp","entity-verc","issue-landtagswahl-2013","medium-taz","topic-grenzen","topic-medien","topic-recht","topic-transparenz"],"jetpack_featured_media_url":"","jetpack_sharing_enabled":true,"_links":{"self":[{"href":"https:\/\/www.brennerbasisdemokratie.eu\/index.php?rest_route=\/wp\/v2\/posts\/16688","targetHints":{"allow":["GET"]}}],"collection":[{"href":"https:\/\/www.brennerbasisdemokratie.eu\/index.php?rest_route=\/wp\/v2\/posts"}],"about":[{"href":"https:\/\/www.brennerbasisdemokratie.eu\/index.php?rest_route=\/wp\/v2\/types\/post"}],"author":[{"embeddable":true,"href":"https:\/\/www.brennerbasisdemokratie.eu\/index.php?rest_route=\/wp\/v2\/users\/1"}],"replies":[{"embeddable":true,"href":"https:\/\/www.brennerbasisdemokratie.eu\/index.php?rest_route=%2Fwp%2Fv2%2Fcomments&post=16688"}],"version-history":[{"count":7,"href":"https:\/\/www.brennerbasisdemokratie.eu\/index.php?rest_route=\/wp\/v2\/posts\/16688\/revisions"}],"predecessor-version":[{"id":39290,"href":"https:\/\/www.brennerbasisdemokratie.eu\/index.php?rest_route=\/wp\/v2\/posts\/16688\/revisions\/39290"}],"wp:attachment":[{"href":"https:\/\/www.brennerbasisdemokratie.eu\/index.php?rest_route=%2Fwp%2Fv2%2Fmedia&parent=16688"}],"wp:term":[{"taxonomy":"category","embeddable":true,"href":"https:\/\/www.brennerbasisdemokratie.eu\/index.php?rest_route=%2Fwp%2Fv2%2Fcategories&post=16688"},{"taxonomy":"post_tag","embeddable":true,"href":"https:\/\/www.brennerbasisdemokratie.eu\/index.php?rest_route=%2Fwp%2Fv2%2Ftags&post=16688"}],"curies":[{"name":"wp","href":"https:\/\/api.w.org\/{rel}","templated":true}]}}