{"id":1674,"date":"2009-03-18T08:02:04","date_gmt":"2009-03-18T07:02:04","guid":{"rendered":"http:\/\/www.brennerbasisdemokratie.eu\/?p=1674"},"modified":"2021-10-24T07:00:17","modified_gmt":"2021-10-24T05:00:17","slug":"in-eigener-sache","status":"publish","type":"post","link":"https:\/\/www.brennerbasisdemokratie.eu\/?p=1674","title":{"rendered":"Junge Gr\u00fcne f\u00fcr die Selbstbestimmung."},"content":{"rendered":"<p>Fr\u00fcher als geplant nehme ich den \u00bbredaktionellen\u00ab Betrieb nach einer Pause wieder auf, um darauf aufmerksam zu machen, dass sich die Jungen Gr\u00fcnen <a title=\"Junge Gr\u00fcne: Selbstbestimmung.\" href=\"http:\/\/jgs-gvs.blog.de\/2009\/03\/16\/pm-selbstbestimmung-5765820\/\" target=\"_blank\" rel=\"noopener\">in einer Mitteilung <\/a>f\u00fcr die Aus\u00fcbung der Selbstbestimmung aussprechen. Sie tun dies mit ausdr\u00fccklichem Bezug auf die Brennerbasisdemokratie:<\/p>\n<blockquote><p><span style=\"color: #333333;\">Angesichts des immer autorit\u00e4reren Gebarens der rechten Regierungsparteien, s\u00e4hen die Jungen Gr\u00fcnen es f\u00fcr sehr Sinnvoll an, wenn alle in S\u00fcdtirol lebenden Menschen \u00fcber die Zukunft des Landes abstimmen d\u00fcrften.<\/span><\/p>\n<p><span style=\"color: #333333;\">Die r\u00f6mische Regierung l\u00e4sst keine M\u00f6glichkeit aus um Minderheiten in Italien klar zu machen, wer das Zepter der Macht in den H\u00e4nden h\u00e4lt und wer sich f\u00fcgen m\u00fcsse. St\u00fcck um St\u00fcck werden z.B.: die Autonomie und die daraus resultierenden Vorrechte infrage gestellt, wenn nicht gar beschnitten. Teils wird auch mit fragw\u00fcrdigen Methoden gearbeitet um unsere PolitikerInnen m\u00fcrbe zu machen. Da die Regierung in anderen Bereichen bereits stark autorit\u00e4re Z\u00fcge aufzeigt, fragen sich die Jungen Gr\u00fcnen wie lange es noch dauert bis die ersten, unserer Rechte beschnitten bzw. g\u00e4nzlich abgeschafft werden. Bevor es g\u00e4nzlich unm\u00f6glich ist, sollten alle in S\u00fcdtirol lebenden Mitmenschen, die das 16. Lebensjahr bereits vollendet haben, \u00fcber die Zukunft des Landes und folglich \u00fcber ihre eigene Zukunft abstimmen. Dies w\u00e4re ein starkes Zeichen f\u00fcr eine Basisdemokratie, in der alle m\u00fcndigen B\u00fcrgerInnen mitsprechen d\u00fcrfen und ihr Wille endlich ernst genommen wird.<\/span><\/p>\n<p><span style=\"color: #333333;\">Michi Hitthaler &amp; Andrea Urthaler<\/span><br \/>\n<span style=\"color: #333333;\"> f\u00fcr das SprecherInnenkollektiv der Jungen Gr\u00fcnen<\/span><\/p>\n<p><span style=\"color: #333333;\"><span style=\"font-family: Helvetica, Arial, sans-serif; text-transform: uppercase;\">C\u00ebla enghe:<\/span> http:\/\/www.brennerbasisdemokratie.eu\/<\/span><\/p><\/blockquote>\n<p style=\"text-align: center;\"><hr class=\"dotted-hr\" style=\"height: 4px; width: 100%; border: none; margin-top: 0em; margin-bottom: 0em; background-color: black;\"\/><\/p>\n<p><strong>Meine Einsch\u00e4tzung dazu, wie im Blog der JGS ver\u00f6ffentlicht:<\/strong><\/p>\n<blockquote><p><span style=\"color: #333333;\">Ich finde die Mitteilung einen an sich sehr positiven, eigentlich l\u00e4ngst \u00fcberf\u00e4lligen Denkansto\u00df. Es ist ein gutes Zeichen, dass die Gr\u00fcnen sich einer basisdemokratischen Abstimmung nicht mehr verschlie\u00dfen, was aufgrund ihres politischen Selbstverst\u00e4ndnisses stets unkoh\u00e4rent und unverst\u00e4ndlich erscheinen musste.<\/span><\/p>\n<p><span style=\"color: #333333;\">Gleichzeitig kann ich mich Valentin[o] nur anschlie\u00dfen, wenn er sagt, eine Abstimmung allein ohne politische und gesellschaftliche Vorarbeit sei kontraproduktiv. Deshalb w\u00fcrde ich zun\u00e4chst davon sprechen, sich \u00fcber die Zukunft dieses Landes GEDANKEN ZU MACHEN \u2014 was schlussendlich tats\u00e4chlich in eine Befragung m\u00fcnden k\u00f6nnte\/sollte.<\/span><\/p>\n<p><span style=\"color: #333333;\">Ich verstehe freilich, dass das innenpolitische Desaster die Frage stringenter macht. Vielleicht h\u00e4tten sich aber auch die Gr\u00fcnen schon etwas fr\u00fcher mit dem Thema befassen k\u00f6nnen, anstatt sich jetzt durch die Ereignisse treiben zu lassen.<\/span><\/p>\n<p><span style=\"color: #333333;\">Mein Fazit: Besser sp\u00e4t als nie.<\/span><\/p><\/blockquote>\n<p><strong><span style=\"font-family: Helvetica, Arial, sans-serif; text-transform: uppercase;\">C\u00ebla enghe:<\/span><\/strong> <a title=\"Gr\u00fcn \u00e2\u2030\u00a0 Gr\u00fcn.\" href=\"http:\/\/www.brennerbasisdemokratie.eu\/?p=656\" target=\"_self\" rel=\"noopener\"><code>01<\/code><\/a><\/p>","protected":false},"excerpt":{"rendered":"<p>Fr\u00fcher als geplant nehme ich den \u00bbredaktionellen\u00ab Betrieb nach einer Pause wieder auf, um darauf aufmerksam zu machen, dass sich die Jungen Gr\u00fcnen in einer Mitteilung f\u00fcr die Aus\u00fcbung der Selbstbestimmung aussprechen. Sie tun dies mit ausdr\u00fccklichem Bezug auf die Brennerbasisdemokratie: Angesichts des immer autorit\u00e4reren Gebarens der rechten Regierungsparteien, s\u00e4hen die Jungen Gr\u00fcnen es f\u00fcr [&hellip;]<\/p>","protected":false},"author":1,"featured_media":0,"comment_status":"open","ping_status":"open","sticky":false,"template":"","format":"standard","meta":{"_crdt_document":"","ngg_post_thumbnail":0,"_jetpack_memberships_contains_paid_content":false,"footnotes":""},"categories":[1],"tags":[],"class_list":["post-1674","post","type-post","status-publish","format-standard","hentry","category-allgemein","entity-verc","issue-good-news","issue-zitac","location-sudtirolo","language-deutsch","topic-politik","topic-selbstbestimmung"],"jetpack_featured_media_url":"","jetpack_sharing_enabled":true,"_links":{"self":[{"href":"https:\/\/www.brennerbasisdemokratie.eu\/index.php?rest_route=\/wp\/v2\/posts\/1674","targetHints":{"allow":["GET"]}}],"collection":[{"href":"https:\/\/www.brennerbasisdemokratie.eu\/index.php?rest_route=\/wp\/v2\/posts"}],"about":[{"href":"https:\/\/www.brennerbasisdemokratie.eu\/index.php?rest_route=\/wp\/v2\/types\/post"}],"author":[{"embeddable":true,"href":"https:\/\/www.brennerbasisdemokratie.eu\/index.php?rest_route=\/wp\/v2\/users\/1"}],"replies":[{"embeddable":true,"href":"https:\/\/www.brennerbasisdemokratie.eu\/index.php?rest_route=%2Fwp%2Fv2%2Fcomments&post=1674"}],"version-history":[{"count":20,"href":"https:\/\/www.brennerbasisdemokratie.eu\/index.php?rest_route=\/wp\/v2\/posts\/1674\/revisions"}],"predecessor-version":[{"id":68602,"href":"https:\/\/www.brennerbasisdemokratie.eu\/index.php?rest_route=\/wp\/v2\/posts\/1674\/revisions\/68602"}],"wp:attachment":[{"href":"https:\/\/www.brennerbasisdemokratie.eu\/index.php?rest_route=%2Fwp%2Fv2%2Fmedia&parent=1674"}],"wp:term":[{"taxonomy":"category","embeddable":true,"href":"https:\/\/www.brennerbasisdemokratie.eu\/index.php?rest_route=%2Fwp%2Fv2%2Fcategories&post=1674"},{"taxonomy":"post_tag","embeddable":true,"href":"https:\/\/www.brennerbasisdemokratie.eu\/index.php?rest_route=%2Fwp%2Fv2%2Ftags&post=1674"}],"curies":[{"name":"wp","href":"https:\/\/api.w.org\/{rel}","templated":true}]}}