{"id":169,"date":"2006-08-22T09:06:59","date_gmt":"2006-08-22T07:06:59","guid":{"rendered":"http:\/\/www.selbstbestimmung.net\/?p=169"},"modified":"2020-10-26T19:08:20","modified_gmt":"2020-10-26T18:08:20","slug":"selbstbestimmungsflagge","status":"publish","type":"post","link":"https:\/\/www.brennerbasisdemokratie.eu\/?p=169","title":{"rendered":"Selbstbestimmungsflagge."},"content":{"rendered":"<p>In Anlehnung an andere Unabh\u00e4ngigkeitsbewegungen ist die Flagge entstanden, die unseren Selbstbestimmungswillen unterstreichen soll. Sie will <strong>nicht die bestehenden Symbole unseres Landes ersetzen<\/strong>, sondern neben ihnen Bestand haben, solange das Ziel einer vollkommenen Eigenregierung nicht erreicht ist:<\/p>\n<blockquote><p><img decoding=\"async\" id=\"image168\" class=\"aligncenter\" src=\"http:\/\/www.brennerbasisdemokratie.eu\/wp-content\/uploads\/prev\/independence_exp.jpg\" alt=\"independence_exp.jpg\" \/><\/p><\/blockquote>\n<p>Sie beinhaltet folgende Elemente:<\/p>\n<ul>\n<li>die <strong>rotwei\u00dfe Landesflagge<\/strong> als territoriales Symbol.<\/li>\n<li>das blaue <strong>Dreieck<\/strong>, als Symbol f\u00fcr die Demokratie und den Rechtsstaat mit seinen Gewalten (Legislative, Judikative, Exekutive) und darauf<\/li>\n<li>das <strong>Pentagramm<\/strong>, das zahlreiche Unabh\u00e4ngigkeitsbewegungen als Zeichen der Freiheit verwendet haben und nach wie vor verwenden. Es steht f\u00fcr die humanistische Zentralit\u00e4t des Menschen, seine Zacken geben abstrakt Kopf und Gliedma\u00dfen wieder.<\/li>\n<\/ul>\n<p>Dadurch repr\u00e4sentiert diese Flagge auf ideale Weise die Gedanken, die hinter der hier vertretenen politisch-gesellschaftlichen Ausrichtung stehen. Ihre Verwendung ist <em>positiv<\/em>, d.h. sie richtet sich nicht <em>gegen<\/em> etwas, sondern steht <em>f\u00fcr<\/em> ein konkretes Ideal.<\/p>\n<p>Zum <strong>Herunterladen<\/strong>, etwa f\u00fcr den Einbau in den eigenen Webauftritt:<\/p>\n<div style=\"text-align: center;\"><img decoding=\"async\" id=\"image172\" src=\"http:\/\/www.brennerbasisdemokratie.eu\/wp-content\/uploads\/prev\/flag_kl.jpg\" alt=\"Banner klein.\" \/> <img decoding=\"async\" id=\"image174\" src=\"http:\/\/www.brennerbasisdemokratie.eu\/wp-content\/uploads\/prev\/flag_kl2.gif\" alt=\"Banner klein mit Rand.\" \/> <img decoding=\"async\" id=\"image175\" src=\"http:\/\/www.brennerbasisdemokratie.eu\/wp-content\/uploads\/prev\/flag_kl_sw.jpg\" alt=\"Banner klein sw.\" \/><\/div>\n<p>&nbsp;<\/p>\n<p>Kann, muss aber nicht mit der <img class=\"bbdlogo\" src=\"https:\/\/www.brennerbasisdemokratie.eu\/wp-content\/uploads\/bbdsmileys\/bbde.png\"> verlinkt werden. Auch geeignet als Email-Footer oder Handylogo.<\/p>","protected":false},"excerpt":{"rendered":"<p>In Anlehnung an andere Unabh\u00e4ngigkeitsbewegungen ist die Flagge entstanden, die unseren Selbstbestimmungswillen unterstreichen soll. Sie will nicht die bestehenden Symbole unseres Landes ersetzen, sondern neben ihnen Bestand haben, solange das Ziel einer vollkommenen Eigenregierung nicht erreicht ist: Sie beinhaltet folgende Elemente: die rotwei\u00dfe Landesflagge als territoriales Symbol. das blaue Dreieck, als Symbol f\u00fcr die Demokratie [&hellip;]<\/p>","protected":false},"author":1,"featured_media":0,"comment_status":"open","ping_status":"open","sticky":false,"template":"","format":"standard","meta":{"_crdt_document":"","ngg_post_thumbnail":0,"_jetpack_memberships_contains_paid_content":false,"footnotes":""},"categories":[1],"tags":[],"class_list":["post-169","post","type-post","status-publish","format-standard","hentry","category-allgemein","entity-bbd","location-sudtirolo","language-deutsch","topic-engagement","topic-interna","topic-selbstbestimmung","topic-symbolik"],"jetpack_featured_media_url":"","jetpack_sharing_enabled":true,"_links":{"self":[{"href":"https:\/\/www.brennerbasisdemokratie.eu\/index.php?rest_route=\/wp\/v2\/posts\/169","targetHints":{"allow":["GET"]}}],"collection":[{"href":"https:\/\/www.brennerbasisdemokratie.eu\/index.php?rest_route=\/wp\/v2\/posts"}],"about":[{"href":"https:\/\/www.brennerbasisdemokratie.eu\/index.php?rest_route=\/wp\/v2\/types\/post"}],"author":[{"embeddable":true,"href":"https:\/\/www.brennerbasisdemokratie.eu\/index.php?rest_route=\/wp\/v2\/users\/1"}],"replies":[{"embeddable":true,"href":"https:\/\/www.brennerbasisdemokratie.eu\/index.php?rest_route=%2Fwp%2Fv2%2Fcomments&post=169"}],"version-history":[{"count":5,"href":"https:\/\/www.brennerbasisdemokratie.eu\/index.php?rest_route=\/wp\/v2\/posts\/169\/revisions"}],"predecessor-version":[{"id":61442,"href":"https:\/\/www.brennerbasisdemokratie.eu\/index.php?rest_route=\/wp\/v2\/posts\/169\/revisions\/61442"}],"wp:attachment":[{"href":"https:\/\/www.brennerbasisdemokratie.eu\/index.php?rest_route=%2Fwp%2Fv2%2Fmedia&parent=169"}],"wp:term":[{"taxonomy":"category","embeddable":true,"href":"https:\/\/www.brennerbasisdemokratie.eu\/index.php?rest_route=%2Fwp%2Fv2%2Fcategories&post=169"},{"taxonomy":"post_tag","embeddable":true,"href":"https:\/\/www.brennerbasisdemokratie.eu\/index.php?rest_route=%2Fwp%2Fv2%2Ftags&post=169"}],"curies":[{"name":"wp","href":"https:\/\/api.w.org\/{rel}","templated":true}]}}