{"id":16937,"date":"2013-10-15T21:11:41","date_gmt":"2013-10-15T19:11:41","guid":{"rendered":"http:\/\/www.brennerbasisdemokratie.eu\/?p=16937"},"modified":"2020-02-16T22:19:58","modified_gmt":"2020-02-16T21:19:58","slug":"europa-2-0-plaedoyer-fuer-ein-subsidiaeres-europa","status":"publish","type":"post","link":"https:\/\/www.brennerbasisdemokratie.eu\/?p=16937","title":{"rendered":"Pl\u00e4doyer f\u00fcr ein subsidi\u00e4res Europa."},"content":{"rendered":"<!-- Snippets by WebberZone Snippetz --><div class=\"ata_snippets\"><hr style=\"height: 20px; border: none; margin-top: 0em; background-color: darkred;\"\/><\/div><p><em>von Oliver Hopfgartner*<\/em><\/p>\n<p>Ich war nie Sympathisant der <em>S\u00fcd-Tiroler Freiheit.<\/em> In den letzten Wochen sah ich mich aber immer wieder in der Rolle eines Verteidigers der von der STF organisierten Umfrage zum Thema Selbstbestimmung. Das liegt nicht etwa daran, dass ich meine patriotische Ader entdeckt h\u00e4tte, vielmehr st\u00f6rt mich die Art des politischen Diskurses, die Selbstbestimmung und im speziellen die Umfrage der STF betreffend. Keine einzige Partei hat bisher einen positiven Beitrag zur Debatte geleistet. Lieber kritisiert man, egal ob es nun um die Sicherheit, die Deklaration als Wahlwerbung oder eine vermeintliche deutsch-nationalistische Zielsetzung geht.<\/p>\n<p>Dabei ist die Diskussion \u00fcber die Zukunft unserer Verwaltung gar nicht so exotisch: Immer \u00f6fter h\u00f6rt man die Forderung nach einem dezentralen Europa im Sinne der Subsidiarit\u00e4t. Seine Durchlaucht F\u00fcrst Hans-Adam II. von und zu Liechtenstein beschreibt beispielsweise in seinem Buch &#8220;Der Staat im dritten Jahrtausend&#8221; ein dezentrales Staatsmodell, in welchem jede Gemeinde das Recht auf Sezession (!) haben soll.<\/p>\n<p>Einige Parteien in S\u00fcdtirol haben aber kein Interesse daran, \u00fcber den Tellerrand zu blicken und so bleibt ein Bef\u00fcrworter der Selbstbestimmung oft im deutsch-nationalen Eck verortet. Das hindert uns jedoch nicht, die Selbstbestimmungsdebatte um eine nicht nationalistische Variante zu bereichern. Wir m\u00fcssen europ\u00e4isch denken. Das hei\u00dft aber nicht, dass wir unser Heil in den Vereinigten Staaten von Europa suchen m\u00fcssen. Es macht keinen Sinn, die Nationalstaaten abzuschaffen und die Kompetenzen des Nationalstaates auf die EU zu \u00fcbertragen, genau so wenig wie ich mir ein Europa unz\u00e4hliger zersplitterter Kleinstaaten w\u00fcnsche. Ich bekenne mich klar zu einem Europa, das dezentral nach dem Subsidiarit\u00e4tsprinzip aufgebaut ist.<\/p>\n<p>Warum Subsidiarit\u00e4t? Das Problem von Zentralstaatlichkeit ist die stets vorhandene Informationsasymmetrie. Wer vor Ort ist, ist im Normalfall besser mit den \u00f6rtlichen Gegebenheiten vertraut und kann dadurch besser handeln. Weiters ist eine wahre Einbeziehung der Bev\u00f6lkerung in politische Entscheidungen leichter. Jeder kann sich mit dem B\u00fcrgermeister unterhalten. Aufsteigend zu Landtagsabgeordneten, Senatoren und EU-Parlamentariern wird das immer schwieriger. Somit ist auch die demokratische Kontrolle in kleinen Einheiten einfacher umzusetzen.<\/p>\n<p>Die EU soll den Rahmen bilden f\u00fcr ein dezentrales Europa, in dem direkte Demokratie und repr\u00e4sentative Demokratie besser verkn\u00fcpft sind. Um dieses Ziel zu erreichen m\u00fcssen wir von der f\u00fcr S\u00fcdtirol leider typischen Nabelschau abkommen und uns mit unseren benachbarten Regionen gemeinsam f\u00fcr mehr Subsidiarit\u00e4t stark machen. Die Vision eines geeinten Europas, das Vielfalt nicht nur zul\u00e4sst sondern f\u00f6rdert, ist es allemal wert, sich daf\u00fcr einzusetzen.<\/p>\n<p><small><em>*) Oliver Hopfgartner, Jahrgang &#8217;89, studiert und arbeitet derzeit in Graz und ist Vorstandsmitglied der Piratenpartei S\u00fcdtirol.<\/em><\/small><\/p>\n<!-- Snippets by WebberZone Snippetz --><div class=\"ata_snippets\"><hr style=\"height: 10px;border: none;margin-top: 0px;background-color: darkred\" \/>\r\n\r\n<div style=\"background-color: none;padding: 0px;font-size: 14px;font-family: Helvetica,Arial;margin: 10px 0px 0px 0px\"><span style=\"color: darkred\"><strong><small>Autor:innen- und Gastbeitr\u00e4ge widerspiegeln nicht notwendigerweise die Meinung oder die Position von BBD, so wie die jeweiligen Verfasser:innen nicht notwendigerweise die Ziele von BBD unterst\u00fctzen.<\/small><\/strong><small>\u00b7 I contributi esterni non necessariamente riflettono le opinioni o la posizione di BBD, come a loro volta le autrici\/gli autori non necessariamente condividono gli obiettivi di BBD. \u2014 <a href=\"http:\/\/www.brennerbasisdemokratie.eu\/?page_id=11356#copyleft\"><strong>\u00a9<\/strong><\/a><\/small><\/span><\/div><\/div>","protected":false},"excerpt":{"rendered":"<p>von Oliver Hopfgartner* Ich war nie Sympathisant der S\u00fcd-Tiroler Freiheit. In den letzten Wochen sah ich mich aber immer wieder in der Rolle eines Verteidigers der von der STF organisierten Umfrage zum Thema Selbstbestimmung. Das liegt nicht etwa daran, dass ich meine patriotische Ader entdeckt h\u00e4tte, vielmehr st\u00f6rt mich die Art des politischen Diskurses, die [&hellip;]<\/p>","protected":false},"author":10,"featured_media":0,"comment_status":"open","ping_status":"open","sticky":false,"template":"","format":"standard","meta":{"_crdt_document":"","ngg_post_thumbnail":0,"_jetpack_memberships_contains_paid_content":false,"footnotes":""},"categories":[14],"tags":[],"class_list":["post-16937","post","type-post","status-publish","format-standard","hentry","category-autorinnen","entity-eu","entity-pirac","entity-stf","issue-stf-befragung","location-liechtenstein","location-sudtirolo","language-deutsch","person-oliver-hopfgartner","topic-kleinstaaten","topic-mitbestimmung","topic-selbstbestimmung","topic-subsidiaritaet"],"jetpack_featured_media_url":"","jetpack_sharing_enabled":true,"_links":{"self":[{"href":"https:\/\/www.brennerbasisdemokratie.eu\/index.php?rest_route=\/wp\/v2\/posts\/16937","targetHints":{"allow":["GET"]}}],"collection":[{"href":"https:\/\/www.brennerbasisdemokratie.eu\/index.php?rest_route=\/wp\/v2\/posts"}],"about":[{"href":"https:\/\/www.brennerbasisdemokratie.eu\/index.php?rest_route=\/wp\/v2\/types\/post"}],"author":[{"embeddable":true,"href":"https:\/\/www.brennerbasisdemokratie.eu\/index.php?rest_route=\/wp\/v2\/users\/10"}],"replies":[{"embeddable":true,"href":"https:\/\/www.brennerbasisdemokratie.eu\/index.php?rest_route=%2Fwp%2Fv2%2Fcomments&post=16937"}],"version-history":[{"count":6,"href":"https:\/\/www.brennerbasisdemokratie.eu\/index.php?rest_route=\/wp\/v2\/posts\/16937\/revisions"}],"predecessor-version":[{"id":40013,"href":"https:\/\/www.brennerbasisdemokratie.eu\/index.php?rest_route=\/wp\/v2\/posts\/16937\/revisions\/40013"}],"wp:attachment":[{"href":"https:\/\/www.brennerbasisdemokratie.eu\/index.php?rest_route=%2Fwp%2Fv2%2Fmedia&parent=16937"}],"wp:term":[{"taxonomy":"category","embeddable":true,"href":"https:\/\/www.brennerbasisdemokratie.eu\/index.php?rest_route=%2Fwp%2Fv2%2Fcategories&post=16937"},{"taxonomy":"post_tag","embeddable":true,"href":"https:\/\/www.brennerbasisdemokratie.eu\/index.php?rest_route=%2Fwp%2Fv2%2Ftags&post=16937"}],"curies":[{"name":"wp","href":"https:\/\/api.w.org\/{rel}","templated":true}]}}