{"id":17229,"date":"2013-11-03T22:22:01","date_gmt":"2013-11-03T21:22:01","guid":{"rendered":"http:\/\/www.brennerbasisdemokratie.eu\/?p=17229"},"modified":"2020-07-20T18:01:19","modified_gmt":"2020-07-20T16:01:19","slug":"sven-knolls-praezisierung","status":"publish","type":"post","link":"https:\/\/www.brennerbasisdemokratie.eu\/?p=17229","title":{"rendered":"Sven Knolls Pr\u00e4zisierung."},"content":{"rendered":"<p>Vor wenigen Tagen hatten wir <a title=\"Landsmann Knoll.\" href=\"http:\/\/www.brennerbasisdemokratie.eu\/?p=17162\">thematisiert<\/a>, dass Sven Knoll (<abbr title=\"S\u00fcd-Tiroler Freiheit\">STF<\/abbr>) offenbar als Autor f\u00fcr den Eckart t\u00e4tig war, den das <em>Dokumentationsarchiv des \u00d6sterreichischen Widerstandes<\/em> (D\u00d6W) als rechtsextrem einstuft. Als Reaktion darauf hat er uns nun eine Stellungnahme geschickt, in der er darauf hinweist, dass die Publikation bereits vor rund drei Jahren von der <em>Tageszeitung<\/em> thematisiert worden sei.<\/p>\n<p>Der Autor des Buches, Andreas Raffeiner, habe Knoll 2008 kontaktiert und mitgeteilt, dass er anl\u00e4sslich des Gedenkjahres 2009 die Herausgabe eines Buches \u00fcber Andreas Hofer plane. Er habe Knoll gebeten, einen kurzen Beitrag, eine Art Gru\u00dfwort f\u00fcr das Buch zu verfassen. Ohne Knolls Wissen und vor allem ohne seine Zustimmung habe ihn Raffeiner dann als Co-Autor des Buches angegeben und es in der Eckartschrift ver\u00f6ffentlicht. Den genauen Inhalt der Publikation sowie die Namen der anderen Co-Autoren habe Knoll vor der Ver\u00f6ffentlichung nicht gekannt. \u00bbDas war sicher zu gutgl\u00e4ubig von mir\u00ab.<\/p>","protected":false},"excerpt":{"rendered":"<p>Vor wenigen Tagen hatten wir thematisiert, dass Sven Knoll (STF) offenbar als Autor f\u00fcr den Eckart t\u00e4tig war, den das Dokumentationsarchiv des \u00d6sterreichischen Widerstandes (D\u00d6W) als rechtsextrem einstuft. Als Reaktion darauf hat er uns nun eine Stellungnahme geschickt, in der er darauf hinweist, dass die Publikation bereits vor rund drei Jahren von der Tageszeitung thematisiert [&hellip;]<\/p>","protected":false},"author":10,"featured_media":0,"comment_status":"open","ping_status":"open","sticky":false,"template":"","format":"standard","meta":{"_crdt_document":"","ngg_post_thumbnail":0,"_jetpack_memberships_contains_paid_content":false,"footnotes":""},"categories":[1],"tags":[],"class_list":["post-17229","post","type-post","status-publish","format-standard","hentry","category-allgemein","entity-stf","location-sudtirolo","language-deutsch","medium-taz","person-sven-knoll","topic-faschismen","topic-medien"],"jetpack_featured_media_url":"","jetpack_sharing_enabled":true,"_links":{"self":[{"href":"https:\/\/www.brennerbasisdemokratie.eu\/index.php?rest_route=\/wp\/v2\/posts\/17229","targetHints":{"allow":["GET"]}}],"collection":[{"href":"https:\/\/www.brennerbasisdemokratie.eu\/index.php?rest_route=\/wp\/v2\/posts"}],"about":[{"href":"https:\/\/www.brennerbasisdemokratie.eu\/index.php?rest_route=\/wp\/v2\/types\/post"}],"author":[{"embeddable":true,"href":"https:\/\/www.brennerbasisdemokratie.eu\/index.php?rest_route=\/wp\/v2\/users\/10"}],"replies":[{"embeddable":true,"href":"https:\/\/www.brennerbasisdemokratie.eu\/index.php?rest_route=%2Fwp%2Fv2%2Fcomments&post=17229"}],"version-history":[{"count":5,"href":"https:\/\/www.brennerbasisdemokratie.eu\/index.php?rest_route=\/wp\/v2\/posts\/17229\/revisions"}],"predecessor-version":[{"id":59240,"href":"https:\/\/www.brennerbasisdemokratie.eu\/index.php?rest_route=\/wp\/v2\/posts\/17229\/revisions\/59240"}],"wp:attachment":[{"href":"https:\/\/www.brennerbasisdemokratie.eu\/index.php?rest_route=%2Fwp%2Fv2%2Fmedia&parent=17229"}],"wp:term":[{"taxonomy":"category","embeddable":true,"href":"https:\/\/www.brennerbasisdemokratie.eu\/index.php?rest_route=%2Fwp%2Fv2%2Fcategories&post=17229"},{"taxonomy":"post_tag","embeddable":true,"href":"https:\/\/www.brennerbasisdemokratie.eu\/index.php?rest_route=%2Fwp%2Fv2%2Ftags&post=17229"}],"curies":[{"name":"wp","href":"https:\/\/api.w.org\/{rel}","templated":true}]}}