{"id":17245,"date":"2013-11-05T16:18:27","date_gmt":"2013-11-05T15:18:27","guid":{"rendered":"http:\/\/www.brennerbasisdemokratie.eu\/?p=17245"},"modified":"2025-12-26T21:54:20","modified_gmt":"2025-12-26T20:54:20","slug":"selbstbestimmung-in-der-schweiz","status":"publish","type":"post","link":"https:\/\/www.brennerbasisdemokratie.eu\/?p=17245","title":{"rendered":"Selbstbestimmung in der Schweiz."},"content":{"rendered":"<p><strong>Seit 1979 ist der schweizerische Jura auf zwei Kantone aufgeteilt. Am kommenden 24. November wird \u00fcber die M\u00f6glichkeit eines Zusammenschlusses abgestimmt. Falls er zustande kommt, entsteht ein neuer Kanton.<\/strong><\/p>\n<p>Der Schaffung des j\u00fcngsten Kantons der Eidgenossenschaft, dem Jura, waren politische und gesellschaftliche Spannungen bis hin zu Terroranschl\u00e4gen vorangegangen. Doch der direktdemokratische Weg konnte Schlimmerem vorbeugen, da die Bewohner des n\u00f6rdlichen Jura, rund 165 Jahre nach ihrer Angliederung an Bern, im Jahr 1979 ihren eigenen Kanton gr\u00fcnden durften. Eine erste Abstimmung im Jahr 1959 war noch negativ ausgefallen.<\/p>\n<p>Der s\u00fcdliche Jura, obwohl wie der Nordteil mehrheitlich franz\u00f6sischsprachig, entschied sich jedoch f\u00fcr einen Verbleib beim Kanton Bern, wof\u00fcr vor allem historische und kulturelle Gr\u00fcnde ausschlaggebend waren. Die Nordjurassier sind gr\u00f6\u00dftenteils katholisch, die S\u00fcdjurassier, wie der restliche Kanton Bern, reformiert.<\/p>\n<p>Trotzdem sind die Forderungen nie ganz abgeklungen, den Jura ungeachtet der kulturell-konfessionellen Unterschiede kantonal wiederzuvereinigen, was zum nun anstehenden Referendum gef\u00fchrt hat: Formell befinden die B\u00fcrgerInnen in knapp drei Wochen nicht \u00fcber die Angliederung der s\u00fcdjurassischen Gemeinden an den bestehenden Kanton Jura, sondern \u00fcber den Beginn eines Prozesses, an dessen Ende die Schaffung eines v\u00f6llig neuen Kantons stehen w\u00fcrde. Darauf einigten sich die Regierungen in Del\u00e9mont (Delsberg) und Bern. Der \u00bbklassische\u00ab Weg des Kantonswechsels bleibt, sollte die Kantonsgr\u00fcndung scheitern, nach wie vor offen und wird in einzelnen Gemeinden bereits angedacht. Allen Umfragen zufolge wird die \u00bbgro\u00dfe L\u00f6sung\u00ab der Wiedervereinigung keine Mehrheit unter den Stimmberechtigten finden.<\/p>\n<p><strong><span style=\"font-family: Helvetica, Arial, sans-serif; text-transform: uppercase;\">C\u00ebla enghe:<\/span><\/strong> <a title=\"Der Jura hat selbst bestimmt!\" href=\"http:\/\/www.brennerbasisdemokratie.eu\/?p=17511\"><span style=\"color: #ff8c00\"><code>01<\/code><\/span><\/a> <a title=\"Vertus du dialogue.\" href=\"https:\/\/www.brennerbasisdemokratie.eu\/?p=17388\" rel=\"\"><span style=\"color: #ff8c00\"><code>02<\/code><\/span><\/a> <a title=\"Dello Sbarba e il \u00abmodello giurassiano\u00bb.\" href=\"http:\/\/www.brennerbasisdemokratie.eu\/?p=31721\"><span style=\"color: #ff8c00\"><code>03<\/code><\/span><\/a> <a href=\"https:\/\/www.brennerbasisdemokratie.eu\/?p=97079\" title=\"Moutier ab 1. J\u00e4nner beim Kanton Jura.\"><span style=\"color: #ff8c00\"><code>04<\/code><\/span><\/a><\/p>","protected":false},"excerpt":{"rendered":"<p>Seit 1979 ist der schweizerische Jura auf zwei Kantone aufgeteilt. Am kommenden 24. November wird \u00fcber die M\u00f6glichkeit eines Zusammenschlusses abgestimmt. Falls er zustande kommt, entsteht ein neuer Kanton. Der Schaffung des j\u00fcngsten Kantons der Eidgenossenschaft, dem Jura, waren politische und gesellschaftliche Spannungen bis hin zu Terroranschl\u00e4gen vorangegangen. Doch der direktdemokratische Weg konnte Schlimmerem vorbeugen, [&hellip;]<\/p>","protected":false},"author":1,"featured_media":0,"comment_status":"open","ping_status":"open","sticky":false,"template":"","format":"standard","meta":{"_crdt_document":"","ngg_post_thumbnail":0,"_jetpack_memberships_contains_paid_content":false,"footnotes":""},"categories":[1],"tags":[],"class_list":["post-17245","post","type-post","status-publish","format-standard","hentry","category-allgemein","issue-good-practices","location-jura","location-svizra","language-deutsch","topic-politik","topic-selbstbestimmung"],"jetpack_featured_media_url":"","jetpack_sharing_enabled":true,"_links":{"self":[{"href":"https:\/\/www.brennerbasisdemokratie.eu\/index.php?rest_route=\/wp\/v2\/posts\/17245","targetHints":{"allow":["GET"]}}],"collection":[{"href":"https:\/\/www.brennerbasisdemokratie.eu\/index.php?rest_route=\/wp\/v2\/posts"}],"about":[{"href":"https:\/\/www.brennerbasisdemokratie.eu\/index.php?rest_route=\/wp\/v2\/types\/post"}],"author":[{"embeddable":true,"href":"https:\/\/www.brennerbasisdemokratie.eu\/index.php?rest_route=\/wp\/v2\/users\/1"}],"replies":[{"embeddable":true,"href":"https:\/\/www.brennerbasisdemokratie.eu\/index.php?rest_route=%2Fwp%2Fv2%2Fcomments&post=17245"}],"version-history":[{"count":10,"href":"https:\/\/www.brennerbasisdemokratie.eu\/index.php?rest_route=\/wp\/v2\/posts\/17245\/revisions"}],"predecessor-version":[{"id":97109,"href":"https:\/\/www.brennerbasisdemokratie.eu\/index.php?rest_route=\/wp\/v2\/posts\/17245\/revisions\/97109"}],"wp:attachment":[{"href":"https:\/\/www.brennerbasisdemokratie.eu\/index.php?rest_route=%2Fwp%2Fv2%2Fmedia&parent=17245"}],"wp:term":[{"taxonomy":"category","embeddable":true,"href":"https:\/\/www.brennerbasisdemokratie.eu\/index.php?rest_route=%2Fwp%2Fv2%2Fcategories&post=17245"},{"taxonomy":"post_tag","embeddable":true,"href":"https:\/\/www.brennerbasisdemokratie.eu\/index.php?rest_route=%2Fwp%2Fv2%2Ftags&post=17245"}],"curies":[{"name":"wp","href":"https:\/\/api.w.org\/{rel}","templated":true}]}}