{"id":17449,"date":"2013-11-17T23:51:13","date_gmt":"2013-11-17T22:51:13","guid":{"rendered":"http:\/\/www.brennerbasisdemokratie.eu\/?p=17449"},"modified":"2019-03-04T11:02:23","modified_gmt":"2019-03-04T10:02:23","slug":"promotionsrecht-fuer-fhs","status":"publish","type":"post","link":"https:\/\/www.brennerbasisdemokratie.eu\/?p=17449","title":{"rendered":"Promotionsrecht f\u00fcr FHs."},"content":{"rendered":"<p>In Deutschland k\u00f6nnten schon bald nicht mehr nur Universit\u00e4ten, sondern unter bestimmten Voraussetzungen auch Fachhochschulen das Recht haben, ihre Studenten zu promovieren. Bis Ende kommenden Jahres soll feststehen, ob dies so umgesetzt wird.<\/p>\n<p>Was ist daran interessant? Der Vorsto\u00df kommt nicht von der deutschen Bundesregierung, sondern von Schleswig-Holsteins Bildungsministerin Waltraud Wende, die gerade an der Novellierung des Landeshochschulgesetzes arbeitet. Wird ihr Vorschlag vom Landesparlament gutgehei\u00dfen, gilt er zun\u00e4chst auch nur in dem Bundesland. Andere L\u00e4nder k\u00f6nnen selbst entscheiden, ob sie dem schleswig-holsteinischen Beispiel folgen oder nicht.<\/p>\n<p>Das ist \u2014 nach l\u00e4ngerer Pause \u2014 wieder einmal ein (punktuelles) Beispiel daf\u00fcr, dass normale deutsche Bundesl\u00e4nder auf vielen Gebieten deutlich weiter reichende Zust\u00e4ndigkeiten haben, als das \u00bbautonome\u00ab S\u00fcdtirol. Neben den Hochschulen gilt dies etwa auch f\u00fcr die Justiz und f\u00fcr die innere Sicherheit.<\/p>\n<p><strong><span style=\"font-family: Helvetica, Arial, sans-serif; text-transform: uppercase;\">C\u00ebla enghe:<\/span><\/strong> <a title=\"Ein Land \u2014 wie Brandenburg.\" href=\"http:\/\/www.brennerbasisdemokratie.eu\/?p=11874\"><code>01<\/code><\/a> <a title=\"Und halt schon wieder eine Zust\u00e4ndigkeit.\" href=\"http:\/\/www.brennerbasisdemokratie.eu\/?p=4701\"><code>02<\/code><\/a> <a title=\"Berlin macht 8. M\u00e4rz zum Feiertag.\" href=\"http:\/\/www.brennerbasisdemokratie.eu\/?p=47030\"><code>03<\/code><\/a><\/p>","protected":false},"excerpt":{"rendered":"<p>In Deutschland k\u00f6nnten schon bald nicht mehr nur Universit\u00e4ten, sondern unter bestimmten Voraussetzungen auch Fachhochschulen das Recht haben, ihre Studenten zu promovieren. Bis Ende kommenden Jahres soll feststehen, ob dies so umgesetzt wird. Was ist daran interessant? Der Vorsto\u00df kommt nicht von der deutschen Bundesregierung, sondern von Schleswig-Holsteins Bildungsministerin Waltraud Wende, die gerade an der [&hellip;]<\/p>","protected":false},"author":1,"featured_media":0,"comment_status":"open","ping_status":"open","sticky":false,"template":"","format":"standard","meta":{"_crdt_document":"","ngg_post_thumbnail":0,"_jetpack_memberships_contains_paid_content":false,"footnotes":""},"categories":[1],"tags":[],"class_list":["post-17449","post","type-post","status-publish","format-standard","hentry","category-allgemein","issue-autonomievergleich","location-schleswig-holstein","location-sudtirolo","language-deutsch","topic-bildung","topic-comparatio","topic-politik","topic-recht","topic-vorzeigeautonomie"],"jetpack_featured_media_url":"","jetpack_sharing_enabled":true,"_links":{"self":[{"href":"https:\/\/www.brennerbasisdemokratie.eu\/index.php?rest_route=\/wp\/v2\/posts\/17449","targetHints":{"allow":["GET"]}}],"collection":[{"href":"https:\/\/www.brennerbasisdemokratie.eu\/index.php?rest_route=\/wp\/v2\/posts"}],"about":[{"href":"https:\/\/www.brennerbasisdemokratie.eu\/index.php?rest_route=\/wp\/v2\/types\/post"}],"author":[{"embeddable":true,"href":"https:\/\/www.brennerbasisdemokratie.eu\/index.php?rest_route=\/wp\/v2\/users\/1"}],"replies":[{"embeddable":true,"href":"https:\/\/www.brennerbasisdemokratie.eu\/index.php?rest_route=%2Fwp%2Fv2%2Fcomments&post=17449"}],"version-history":[{"count":6,"href":"https:\/\/www.brennerbasisdemokratie.eu\/index.php?rest_route=\/wp\/v2\/posts\/17449\/revisions"}],"predecessor-version":[{"id":47075,"href":"https:\/\/www.brennerbasisdemokratie.eu\/index.php?rest_route=\/wp\/v2\/posts\/17449\/revisions\/47075"}],"wp:attachment":[{"href":"https:\/\/www.brennerbasisdemokratie.eu\/index.php?rest_route=%2Fwp%2Fv2%2Fmedia&parent=17449"}],"wp:term":[{"taxonomy":"category","embeddable":true,"href":"https:\/\/www.brennerbasisdemokratie.eu\/index.php?rest_route=%2Fwp%2Fv2%2Fcategories&post=17449"},{"taxonomy":"post_tag","embeddable":true,"href":"https:\/\/www.brennerbasisdemokratie.eu\/index.php?rest_route=%2Fwp%2Fv2%2Ftags&post=17449"}],"curies":[{"name":"wp","href":"https:\/\/api.w.org\/{rel}","templated":true}]}}