{"id":17504,"date":"2013-11-23T19:38:43","date_gmt":"2013-11-23T18:38:43","guid":{"rendered":"http:\/\/www.brennerbasisdemokratie.eu\/?p=17504"},"modified":"2025-06-11T13:36:21","modified_gmt":"2025-06-11T11:36:21","slug":"kornblumen-im-landtag","status":"publish","type":"post","link":"https:\/\/www.brennerbasisdemokratie.eu\/?p=17504","title":{"rendered":"Kornblumen im Landtag!"},"content":{"rendered":"<blockquote><p><img loading=\"lazy\" decoding=\"async\" class=\"wp-image-17506 aligncenter\" src=\"http:\/\/www.brennerbasisdemokratie.eu\/wp-content\/uploads\/2013\/11\/landtagspraesidium.jpg\" alt=\"OLYMPUS DIGITAL CAMERA\" width=\"210\" height=\"158\" srcset=\"https:\/\/www.brennerbasisdemokratie.eu\/wp-content\/uploads\/2013\/11\/landtagspraesidium.jpg 300w, https:\/\/www.brennerbasisdemokratie.eu\/wp-content\/uploads\/2013\/11\/landtagspraesidium-150x112.jpg 150w\" sizes=\"auto, (max-width: 210px) 100vw, 210px\" \/><\/p><\/blockquote>\n<p>Die auf sechs Abgeordnete angewachsene freiheitliche Landtagstruppe gab gestern zum Auftakt der neuen Legislaturperiode eine besorgniserregende Vorstellung im Landesparlament, deren symbolische Tragweite offenbar unbemerkt blieb. Neben einer rotwei\u00dfen Schleife hatten sich die Blauen eine Kornblume ans Revers geheftet, ein Usus, den sie sich von ihren FP\u00d6-Kollegen in \u00d6sterreich abgeschaut haben.<\/p>\n<p>Die Kornblume findet erstmals im 19. Jahrhundert als Symbol der antisemitischen <em>Alldeutschen Vereinigung<\/em> Eingang in die Politik \u2014 doch erst in der Zwischenkriegszeit entfaltet sie ihre ganze, bis heute belastende Symbolkraft: Als die NSDAP in \u00d6sterreich nach Hitlers Machtergreifung 1933 verboten wird, m\u00fcssen sich die Nazis vorerst in den Untergrund begeben. Als mehr oder minder geheimes Erkennungszeichen w\u00e4hlen sie, als Ersatz f\u00fcr das Hakenkreuz, die Kornblume.<\/p>\n<p>Die Einf\u00fchrung dieser Blume in den S\u00fcdtiroler Landtag ist also eine Verh\u00f6hnung und eine Entw\u00fcrdigung des zentralen Hortes unserer Demokratie, die nicht unwidersprochen hingenommen werden darf. Ganz nebenbei ist es ein Zeichen der mit allen zur Verf\u00fcgung stehenden Mitteln zu bek\u00e4mpfenden Gesinnung dieser zweitgr\u00f6\u00dften Landtagsfraktion.<\/p>\n<p><em>Das vom S\u00fcdtiroler Landtag ver\u00f6ffentlichte Bild zeigt am linken Bildrand Roland Tinkhauser (F) nach seiner Wahl zum Pr\u00e4sidialsekret\u00e4r. Am Revers ist die Schleife mit der Kornblume zu erkennen.<\/em><\/p>\n<p><strong>Nachtrag vom 25.11.2013:<\/strong> <a title=\"Kommentar Michael Demanega.\" href=\"http:\/\/www.brennerbasisdemokratie.eu\/?p=17504#comment-243663\">Laut Michael Demanega<\/a> (F) handelte es sich nicht um Kornblumen. An der Symbolkraft \u00e4ndert dies jedoch meiner Ansicht nach nur wenig, unter anderem, weil Demanega gleichzeitig die Bedeutung der Kornblume verharmlost.<\/p>\n<p><strong><span style=\"font-family: Helvetica, Arial, sans-serif; text-transform: uppercase;\">C\u00ebla enghe:<\/span><\/strong> <a title=\"SS: Bonazza sch\u00e4ndet den Gemeinderat.\" href=\"http:\/\/www.brennerbasisdemokratie.eu\/?p=33193\"><code>01<\/code><\/a> <a title=\"Houston, wir haben (k)ein Problem.\" href=\"http:\/\/www.brennerbasisdemokratie.eu\/?p=23145\"><code>02<\/code><\/a> <a title=\"Freilich alles Einzelf\u00e4lle.\" href=\"http:\/\/www.brennerbasisdemokratie.eu\/?p=30358\"><code>03<\/code><\/a><\/p>","protected":false},"excerpt":{"rendered":"<p>Die auf sechs Abgeordnete angewachsene freiheitliche Landtagstruppe gab gestern zum Auftakt der neuen Legislaturperiode eine besorgniserregende Vorstellung im Landesparlament, deren symbolische Tragweite offenbar unbemerkt blieb. Neben einer rotwei\u00dfen Schleife hatten sich die Blauen eine Kornblume ans Revers geheftet, ein Usus, den sie sich von ihren FP\u00d6-Kollegen in \u00d6sterreich abgeschaut haben. Die Kornblume findet erstmals im [&hellip;]<\/p>","protected":false},"author":1,"featured_media":0,"comment_status":"open","ping_status":"open","sticky":false,"template":"","format":"standard","meta":{"_crdt_document":"","ngg_post_thumbnail":0,"_jetpack_memberships_contains_paid_content":false,"footnotes":""},"categories":[1],"tags":[],"class_list":["post-17504","post","type-post","status-publish","format-standard","hentry","category-allgemein","entity-freiheitliche","entity-sudtiroler-landtag","location-sudtirolo","language-deutsch","topic-antisemitismus","topic-faschismen","topic-geschichte","topic-politik","topic-symbolik"],"jetpack_featured_media_url":"","jetpack_sharing_enabled":true,"_links":{"self":[{"href":"https:\/\/www.brennerbasisdemokratie.eu\/index.php?rest_route=\/wp\/v2\/posts\/17504","targetHints":{"allow":["GET"]}}],"collection":[{"href":"https:\/\/www.brennerbasisdemokratie.eu\/index.php?rest_route=\/wp\/v2\/posts"}],"about":[{"href":"https:\/\/www.brennerbasisdemokratie.eu\/index.php?rest_route=\/wp\/v2\/types\/post"}],"author":[{"embeddable":true,"href":"https:\/\/www.brennerbasisdemokratie.eu\/index.php?rest_route=\/wp\/v2\/users\/1"}],"replies":[{"embeddable":true,"href":"https:\/\/www.brennerbasisdemokratie.eu\/index.php?rest_route=%2Fwp%2Fv2%2Fcomments&post=17504"}],"version-history":[{"count":11,"href":"https:\/\/www.brennerbasisdemokratie.eu\/index.php?rest_route=\/wp\/v2\/posts\/17504\/revisions"}],"predecessor-version":[{"id":83994,"href":"https:\/\/www.brennerbasisdemokratie.eu\/index.php?rest_route=\/wp\/v2\/posts\/17504\/revisions\/83994"}],"wp:attachment":[{"href":"https:\/\/www.brennerbasisdemokratie.eu\/index.php?rest_route=%2Fwp%2Fv2%2Fmedia&parent=17504"}],"wp:term":[{"taxonomy":"category","embeddable":true,"href":"https:\/\/www.brennerbasisdemokratie.eu\/index.php?rest_route=%2Fwp%2Fv2%2Fcategories&post=17504"},{"taxonomy":"post_tag","embeddable":true,"href":"https:\/\/www.brennerbasisdemokratie.eu\/index.php?rest_route=%2Fwp%2Fv2%2Ftags&post=17504"}],"curies":[{"name":"wp","href":"https:\/\/api.w.org\/{rel}","templated":true}]}}