{"id":17511,"date":"2013-11-24T18:23:03","date_gmt":"2013-11-24T17:23:03","guid":{"rendered":"http:\/\/www.brennerbasisdemokratie.eu\/?p=17511"},"modified":"2025-12-26T16:00:22","modified_gmt":"2025-12-26T15:00:22","slug":"jura-hat-selbst-bestimmt","status":"publish","type":"post","link":"https:\/\/www.brennerbasisdemokratie.eu\/?p=17511","title":{"rendered":"Der Jura hat selbst bestimmt!"},"content":{"rendered":"<p>Wie bereits angek\u00fcndigt fand heute im schweizerischen Jura \u2014 neben drei eidgen\u00f6ssichen Abstimmungen \u2014 ein ganz besonderer Volksentscheid statt: Die Stimmb\u00fcrgerinnen hatten dar\u00fcber zu befinden, ob ein Verfahren zur Kantonsneugr\u00fcndung eingeleitet werden sollte.<\/p>\n<p>Hintergrund war die 1979 erfolgte Abspaltung des katholischen Nordjura vom Kanton Bern (als neuer Kanton Jura), w\u00e4hrend sich der reformierte S\u00fcdjura f\u00fcr den Verbleib entschied. Erst in j\u00fcngerer Zeit waren die Bestrebungen wieder erstarkt, den gesamten Jura in einem eventuell neuzugr\u00fcndenden Kanton zusammenzufassen \u2014 worauf die betroffenen Regierungen in Del\u00e9mont und Bern mit der Einleitung erster Gespr\u00e4che reagierten.<\/p>\n<p>Die B\u00fcrgerinnen beider Teile des gegebenenfalls wiederzuvereinigenden Jura \u00e4u\u00dferten sich heute widerspr\u00fcchlich: W\u00e4hrend der Nordjura die Aufnahme weiterf\u00fchrender Verhandlungen guthie\u00df, lehnte dies der S\u00fcdjura fast ebenso deutlich ab, womit die Initiative nicht weiterverfolgt wird. Eine Neugr\u00fcndung bedarf selbstverst\u00e4ndlich des Einverst\u00e4ndnisses aller betroffenen Gebiete. Offenbar sind die S\u00fcdjurassierinnen mit ihrer derzeitigen Situation zufrieden und w\u00fcnschen keine \u00c4nderung des Istzustandes.<\/p>\n<p>Was heute vorgelebt wurde ist echte <strong>demokratische Selbstbestimmung<\/strong>: Die Einwohnerinnen eines Gebiets durften in einer freien Abstimmung selbst \u00fcber die Zukunft ihrer staatlichen Organisation entscheiden. Wichtig ist auch, dass nicht die B\u00fcrgerinnen des gesamten Kantons Bern mitbestimmen durften, sondern nur die Bewohnerinnen der betroffenen Gemeinden. Ein durch die Selbstbestimmung (Prozess) erreichtes Ergebnis kann sowohl zur Abspaltung, als auch \u2014 wie in diesem Fall \u2014 zur Beibehaltung des Istzustandes f\u00fchren.<\/p>\n<p>Nur in Moutier wird die heutige Abstimmung wohl noch ein Nachspiel haben: In der zu Bern geh\u00f6renden Gemeinde haben sich die Stimmberechtigten mehrheitlich f\u00fcr eine Wiedervereinigung mit dem Nordjura ausgesprochen. Deshalb wird erwartet, dass nun auf kommunaler Ebene ein weiteres Referendum stattfinden wird, mittels dessen Moutier im Alleingang vom Kanton Bern zum Kanton Jura \u00fcbertreten k\u00f6nnte.<\/p>\n<p><strong><span style=\"font-family: Helvetica, Arial, sans-serif; text-transform: uppercase;\">C\u00ebla enghe:<\/span><\/strong> <a title=\"Selbstbestimmung in der Schweiz.\" href=\"http:\/\/www.brennerbasisdemokratie.eu\/?p=17245\"><code>01<\/code><\/a> <a title=\"Vertus du dialogue.\" href=\"http:\/\/www.brennerbasisdemokratie.eu\/?p=17388\"><code>02<\/code><\/a> <span style=\"font-family: Helvetica, Arial, sans-serif; font-weight: normal;\">||<\/span> <a href=\"https:\/\/www.brennerbasisdemokratie.eu\/?p=64368\" title=\"Moutier: 55% f\u00fcr Kantonswechsel.\"><span style=\"color:#ff8c00; text-decoration:underline; text-decoration-color:#ff8c00; text-decoration-thickness:3px;\"><code>01<\/code><\/span><\/a><\/p>","protected":false},"excerpt":{"rendered":"<p>Wie bereits angek\u00fcndigt fand heute im schweizerischen Jura \u2014 neben drei eidgen\u00f6ssichen Abstimmungen \u2014 ein ganz besonderer Volksentscheid statt: Die Stimmb\u00fcrgerinnen hatten dar\u00fcber zu befinden, ob ein Verfahren zur Kantonsneugr\u00fcndung eingeleitet werden sollte. Hintergrund war die 1979 erfolgte Abspaltung des katholischen Nordjura vom Kanton Bern (als neuer Kanton Jura), w\u00e4hrend sich der reformierte S\u00fcdjura f\u00fcr [&hellip;]<\/p>","protected":false},"author":1,"featured_media":0,"comment_status":"open","ping_status":"open","sticky":false,"template":"","format":"standard","meta":{"_crdt_document":"","ngg_post_thumbnail":0,"_jetpack_memberships_contains_paid_content":false,"footnotes":""},"categories":[1],"tags":[],"class_list":["post-17511","post","type-post","status-publish","format-standard","hentry","category-allgemein","issue-good-news","issue-good-practices","location-jura","location-svizra","language-deutsch","topic-recht","topic-selbstbestimmung"],"jetpack_featured_media_url":"","jetpack_sharing_enabled":true,"_links":{"self":[{"href":"https:\/\/www.brennerbasisdemokratie.eu\/index.php?rest_route=\/wp\/v2\/posts\/17511","targetHints":{"allow":["GET"]}}],"collection":[{"href":"https:\/\/www.brennerbasisdemokratie.eu\/index.php?rest_route=\/wp\/v2\/posts"}],"about":[{"href":"https:\/\/www.brennerbasisdemokratie.eu\/index.php?rest_route=\/wp\/v2\/types\/post"}],"author":[{"embeddable":true,"href":"https:\/\/www.brennerbasisdemokratie.eu\/index.php?rest_route=\/wp\/v2\/users\/1"}],"replies":[{"embeddable":true,"href":"https:\/\/www.brennerbasisdemokratie.eu\/index.php?rest_route=%2Fwp%2Fv2%2Fcomments&post=17511"}],"version-history":[{"count":10,"href":"https:\/\/www.brennerbasisdemokratie.eu\/index.php?rest_route=\/wp\/v2\/posts\/17511\/revisions"}],"predecessor-version":[{"id":97094,"href":"https:\/\/www.brennerbasisdemokratie.eu\/index.php?rest_route=\/wp\/v2\/posts\/17511\/revisions\/97094"}],"wp:attachment":[{"href":"https:\/\/www.brennerbasisdemokratie.eu\/index.php?rest_route=%2Fwp%2Fv2%2Fmedia&parent=17511"}],"wp:term":[{"taxonomy":"category","embeddable":true,"href":"https:\/\/www.brennerbasisdemokratie.eu\/index.php?rest_route=%2Fwp%2Fv2%2Fcategories&post=17511"},{"taxonomy":"post_tag","embeddable":true,"href":"https:\/\/www.brennerbasisdemokratie.eu\/index.php?rest_route=%2Fwp%2Fv2%2Ftags&post=17511"}],"curies":[{"name":"wp","href":"https:\/\/api.w.org\/{rel}","templated":true}]}}