{"id":17554,"date":"2013-12-03T12:57:44","date_gmt":"2013-12-03T11:57:44","guid":{"rendered":"http:\/\/www.brennerbasisdemokratie.eu\/?p=17554"},"modified":"2019-06-17T19:45:37","modified_gmt":"2019-06-17T17:45:37","slug":"alde-nimmt-selbstbestimmung-in-manifest-auf","status":"publish","type":"post","link":"https:\/\/www.brennerbasisdemokratie.eu\/?p=17554","title":{"rendered":"ALDE-Manifest pro Selbstbestimmung."},"content":{"rendered":"<p>Vor rund zwei Wochen hatten die <em>Jungen Europ\u00e4ischen Liberalen<\/em> (LYMEC) <a title=\"Junge Liberale f\u00fcr die Selbstbestimmung.\" href=\"http:\/\/www.brennerbasisdemokratie.eu\/?p=17442\">eine Resolution zur Selbstbestimmung verabschiedet<\/a>, in der sie dazu aufriefen, Volksabstimmungen zur L\u00f6sung territorialer Probleme in der EU zuzulassen. Letztes Wochenende nun zog offenbar auch die europ\u00e4ische Mutterpartei der <em>Liberalen und Demokraten<\/em> (ALDE) nach, indem sie im Rahmen ihres Parteikongresses den Hinweis auf die kollektive Selbstbestimmung in ihr Manifest aufnahm. Dies ist von besonderer Bedeutung, da das Manifest als Grundlage der Mitgliedsparteien (zum Beispiel FDP, <em>Liberales Forum<\/em> oder die britischen LibDems) f\u00fcr ihre Wahlprogramme zur n\u00e4chstj\u00e4hrigen Europawahl gilt.<\/p>\n<p>Die ALDE-Fraktion im Europ\u00e4ischen Parlament z\u00e4hlt derzeit 85 Mitglieder* und ist damit die drittst\u00e4rkste Fraktion nach der <em>Europ\u00e4ischen Volkspartei<\/em> und den Sozialdemokraten. Neben der <em>Europ\u00e4ischen Freien Allianz<\/em> (EFA) bekennt sich nun also eine weitere europ\u00e4ische Partei ausdr\u00fccklich zur M\u00f6glichkeit von Grenzverschiebungen im Rahmen der EU.<\/p>\n<p>Der endg\u00fcltige Wortlaut des ALDE-Manifests wird n\u00e4chste Woche ver\u00f6ffentlicht.<\/p>\n<p><strong><span style=\"font-family: Helvetica, Arial, sans-serif; text-transform: uppercase;\">C\u00ebla enghe:<\/span><\/strong> <a title=\"Ein modernes \u00bbB\u00fcrgerrecht\u00ab.\" href=\"http:\/\/www.brennerbasisdemokratie.eu\/?p=16850\"><code>01<\/code><\/a> <a title=\"Junge Liberale f\u00fcr die Selbstbestimmung.\" href=\"http:\/\/www.brennerbasisdemokratie.eu\/?p=17442\"><code>02<\/code><\/a><\/p>\n<p><small><em>*) davon 75 Mitglieder der ALDE-Partei und 10 Mitglieder der Europ\u00e4ischen Zentristen.<\/em><\/small><\/p>","protected":false},"excerpt":{"rendered":"<p>Vor rund zwei Wochen hatten die Jungen Europ\u00e4ischen Liberalen (LYMEC) eine Resolution zur Selbstbestimmung verabschiedet, in der sie dazu aufriefen, Volksabstimmungen zur L\u00f6sung territorialer Probleme in der EU zuzulassen. Letztes Wochenende nun zog offenbar auch die europ\u00e4ische Mutterpartei der Liberalen und Demokraten (ALDE) nach, indem sie im Rahmen ihres Parteikongresses den Hinweis auf die kollektive [&hellip;]<\/p>","protected":false},"author":1,"featured_media":0,"comment_status":"open","ping_status":"open","sticky":false,"template":"","format":"standard","meta":{"_crdt_document":"","ngg_post_thumbnail":0,"_jetpack_memberships_contains_paid_content":false,"footnotes":""},"categories":[1],"tags":[],"class_list":["post-17554","post","type-post","status-publish","format-standard","hentry","category-allgemein","entity-alde","entity-eu","issue-europawahl-2014","issue-good-news","location-europa","language-deutsch","topic-politik","topic-selbstbestimmung"],"jetpack_featured_media_url":"","jetpack_sharing_enabled":true,"_links":{"self":[{"href":"https:\/\/www.brennerbasisdemokratie.eu\/index.php?rest_route=\/wp\/v2\/posts\/17554","targetHints":{"allow":["GET"]}}],"collection":[{"href":"https:\/\/www.brennerbasisdemokratie.eu\/index.php?rest_route=\/wp\/v2\/posts"}],"about":[{"href":"https:\/\/www.brennerbasisdemokratie.eu\/index.php?rest_route=\/wp\/v2\/types\/post"}],"author":[{"embeddable":true,"href":"https:\/\/www.brennerbasisdemokratie.eu\/index.php?rest_route=\/wp\/v2\/users\/1"}],"replies":[{"embeddable":true,"href":"https:\/\/www.brennerbasisdemokratie.eu\/index.php?rest_route=%2Fwp%2Fv2%2Fcomments&post=17554"}],"version-history":[{"count":6,"href":"https:\/\/www.brennerbasisdemokratie.eu\/index.php?rest_route=\/wp\/v2\/posts\/17554\/revisions"}],"predecessor-version":[{"id":46515,"href":"https:\/\/www.brennerbasisdemokratie.eu\/index.php?rest_route=\/wp\/v2\/posts\/17554\/revisions\/46515"}],"wp:attachment":[{"href":"https:\/\/www.brennerbasisdemokratie.eu\/index.php?rest_route=%2Fwp%2Fv2%2Fmedia&parent=17554"}],"wp:term":[{"taxonomy":"category","embeddable":true,"href":"https:\/\/www.brennerbasisdemokratie.eu\/index.php?rest_route=%2Fwp%2Fv2%2Fcategories&post=17554"},{"taxonomy":"post_tag","embeddable":true,"href":"https:\/\/www.brennerbasisdemokratie.eu\/index.php?rest_route=%2Fwp%2Fv2%2Ftags&post=17554"}],"curies":[{"name":"wp","href":"https:\/\/api.w.org\/{rel}","templated":true}]}}