{"id":17700,"date":"2013-12-16T19:47:56","date_gmt":"2013-12-16T18:47:56","guid":{"rendered":"http:\/\/www.brennerbasisdemokratie.eu\/?p=17700"},"modified":"2013-12-17T12:06:17","modified_gmt":"2013-12-17T11:06:17","slug":"erste-madrider-resignation-2","status":"publish","type":"post","link":"https:\/\/www.brennerbasisdemokratie.eu\/?p=17700","title":{"rendered":"Erste Madrider Resignation."},"content":{"rendered":"<p>Vor wenigen Tagen hatten sich vier katalanische Parteien <a title=\"Katalonien setzt Referendum fest.\" href=\"http:\/\/www.brennerbasisdemokratie.eu\/?p=17661\">auf ein Datum und eine Fragestellung f\u00fcr das Selbstbestimmungsreferendum verst\u00e4ndigt<\/a>. Seitdem war von zentralstaatlicher Seite etwas S\u00e4belrasseln zu h\u00f6ren, doch manche scheinen sich in Madrid bereits damit abgefunden zu haben, dass die Katalanen \u00fcber ihre Zukunft entscheiden werden.<\/p>\n<p><center><iframe loading=\"lazy\" src=\"https:\/\/uwhisp.com\/w\/k18\/embed\" height=\"160\" width=\"100%\" frameborder=\"no\" scrolling=\"no\"><\/iframe><\/center>In einem Interview, das er in Br\u00fcssel gab, sagte der spanische Au\u00dfenminister Manuel Garc\u00e0\u00ada Margallo, die Katalanen m\u00fcssten die internationale und die europ\u00e4ische Ebene ber\u00fccksichtigen, sobald sie eine Entscheidung f\u00e4llen werden. Damit schloss er erstmals nicht mehr aus, dass es zu einem Referendum kommen wird.<\/p>\n<p>Manchmal muss man sich eben vorwagen und den Bogen ein klein wenig \u00fcberspannen, um den eigenen Willen durchzusetzen \u2014 vorauseilende Unterordnung, wie sie in S\u00fcdtirol gern praktiziert wird, ist wahrlich keine gute Beraterin.<\/p>\n<p><strong><span style=\"font-family: Helvetica, Arial, sans-serif; text-transform: uppercase;\">C\u00ebla enghe:<\/span><\/strong> <a title=\"Selbstbestimmung: Spanier daf\u00fcr.\" href=\"http:\/\/www.brennerbasisdemokratie.eu\/?p=17623\"><code>01<\/code><\/a> <a title=\"Eine Utopie auf dem Weg der Umsetzung.\" href=\"http:\/\/www.brennerbasisdemokratie.eu\/?p=16521\"><code>02<\/code><\/a> <a title=\"Permanentes Referendum.\" href=\"http:\/\/www.brennerbasisdemokratie.eu\/?p=16158\"><code>03<\/code><\/a> <a title=\"Dammbruch in der EU?\" href=\"http:\/\/www.brennerbasisdemokratie.eu\/?p=16717\"><code>04<\/code><\/a> <a title=\"Spanische Linke f\u00fcr die Abstimmung.\" href=\"http:\/\/www.brennerbasisdemokratie.eu\/?p=15273\"><code>05<\/code><\/a><\/p>","protected":false},"excerpt":{"rendered":"<p>Vor wenigen Tagen hatten sich vier katalanische Parteien auf ein Datum und eine Fragestellung f\u00fcr das Selbstbestimmungsreferendum verst\u00e4ndigt. Seitdem war von zentralstaatlicher Seite etwas S\u00e4belrasseln zu h\u00f6ren, doch manche scheinen sich in Madrid bereits damit abgefunden zu haben, dass die Katalanen \u00fcber ihre Zukunft entscheiden werden. In einem Interview, das er in Br\u00fcssel gab, sagte [&hellip;]<\/p>","protected":false},"author":1,"featured_media":0,"comment_status":"open","ping_status":"open","sticky":false,"template":"","format":"standard","meta":{"_crdt_document":"","ngg_post_thumbnail":0,"_jetpack_memberships_contains_paid_content":false,"footnotes":""},"categories":[],"tags":[],"class_list":["post-17700","post","type-post","status-publish","format-standard","hentry","location-catalunya","topic-medien","topic-mitbestimmung","topic-politik"],"jetpack_featured_media_url":"","jetpack_sharing_enabled":true,"_links":{"self":[{"href":"https:\/\/www.brennerbasisdemokratie.eu\/index.php?rest_route=\/wp\/v2\/posts\/17700","targetHints":{"allow":["GET"]}}],"collection":[{"href":"https:\/\/www.brennerbasisdemokratie.eu\/index.php?rest_route=\/wp\/v2\/posts"}],"about":[{"href":"https:\/\/www.brennerbasisdemokratie.eu\/index.php?rest_route=\/wp\/v2\/types\/post"}],"author":[{"embeddable":true,"href":"https:\/\/www.brennerbasisdemokratie.eu\/index.php?rest_route=\/wp\/v2\/users\/1"}],"replies":[{"embeddable":true,"href":"https:\/\/www.brennerbasisdemokratie.eu\/index.php?rest_route=%2Fwp%2Fv2%2Fcomments&post=17700"}],"version-history":[{"count":8,"href":"https:\/\/www.brennerbasisdemokratie.eu\/index.php?rest_route=\/wp\/v2\/posts\/17700\/revisions"}],"predecessor-version":[{"id":17717,"href":"https:\/\/www.brennerbasisdemokratie.eu\/index.php?rest_route=\/wp\/v2\/posts\/17700\/revisions\/17717"}],"wp:attachment":[{"href":"https:\/\/www.brennerbasisdemokratie.eu\/index.php?rest_route=%2Fwp%2Fv2%2Fmedia&parent=17700"}],"wp:term":[{"taxonomy":"category","embeddable":true,"href":"https:\/\/www.brennerbasisdemokratie.eu\/index.php?rest_route=%2Fwp%2Fv2%2Fcategories&post=17700"},{"taxonomy":"post_tag","embeddable":true,"href":"https:\/\/www.brennerbasisdemokratie.eu\/index.php?rest_route=%2Fwp%2Fv2%2Ftags&post=17700"}],"curies":[{"name":"wp","href":"https:\/\/api.w.org\/{rel}","templated":true}]}}