{"id":17725,"date":"2013-12-17T22:57:08","date_gmt":"2013-12-17T21:57:08","guid":{"rendered":"http:\/\/www.brennerbasisdemokratie.eu\/?p=17725"},"modified":"2021-06-01T18:26:57","modified_gmt":"2021-06-01T16:26:57","slug":"lingua-tedesca-multa","status":"publish","type":"post","link":"https:\/\/www.brennerbasisdemokratie.eu\/?p=17725","title":{"rendered":"Lingua tedesca? Multa!"},"content":{"rendered":"<p>Come <a title=\"Sch\u00fctzen: Sind wir zur\u00fcck im Faschismus...\" href=\"http:\/\/www.schuetzen.com\/aktuellbericht\/datum\/2013\/12\/16\/artikel\/sind-wir-zurueck-im-faschismus-und-in-zeiten-der-unterdrueckung-deutschsprachiger-sued-tiroler-951.html\" target=\"_blank\" rel=\"noopener noreferrer\">rendono noto<\/a> gli Sch\u00fctzen, un autotrasportatore sudtirolese sarebbe stato multato dalla polizia stradale di Pordenone per aver presentato un contratto di lavoro redatto in lingua tedesca durante un normale controllo. Nemmeno l&#8217;invio, entro trenta minuti, di una traduzione (non dovuta!) in lingua italiana avrebbe convinto gli agenti a desistere dal loro intento chiaramente discriminatorio e probabilmente in contrasto con la normativa europea.<\/p>\n<p>Di per s\u00e9 si tratta di un tipico (ma non per questo accettabile) sopruso degno di uno stato nazionale, <a title=\"Italia paese multilingue?\" href=\"http:\/\/www.brennerbasisdemokratie.eu\/?p=11771\">incapace per definizione di valorizzare le diversit\u00e0\u00a0 linguistiche e culturali<\/a>, e tendente all&#8217;accentramento e all&#8217;assimilazione. Ci\u00f2 che rende veramente indignante questo caso, per\u00f2, \u00e8 che il prefetto avrebbe respinto il ricorso presentato immediatamente dal trasportatore, avallando dunque l&#8217;azione discriminatoria.<\/p>\n<p>Sconvolgente inoltre che il fatto increscioso si sia verificato in Friuli-Venezia Giulia, dove il tedesco (molto teoricamente) sarebbe lingua ufficiale.<\/p>\n<p><strong><span style=\"font-family: Helvetica, Arial, sans-serif; text-transform: uppercase;\">C\u00ebla enghe:<\/span><\/strong> <a title=\"Gericht: Deutsch nur f\u00fcr Indigene.\" href=\"http:\/\/www.brennerbasisdemokratie.eu\/?p=13300\"><code>01<\/code><\/a> <a title=\"Sardisch und Friaulisch: Dialekte!\" href=\"http:\/\/www.brennerbasisdemokratie.eu\/?p=12791\"><code>02<\/code><\/a> <a title=\"Die Charta der Minderheitensprachen.\" href=\"http:\/\/www.brennerbasisdemokratie.eu\/?p=1348\"><code>03<\/code><\/a> <a title=\"Rifiuto del diverso, riflesso \u00abnazionale\u00bb.\" href=\"http:\/\/www.brennerbasisdemokratie.eu\/?p=8373\"><code>04<\/code><\/a> <a title=\"+++ Wo wir sind.\" href=\"http:\/\/www.brennerbasisdemokratie.eu\/?p=3659\"><code>05<\/code><\/a> <a title=\"Quarantena discriminatoria.\" href=\"https:\/\/www.brennerbasisdemokratie.eu\/?p=57460\"><span style=\"color: #ff8c00\"><code>06<\/code><\/span><\/a><\/p>","protected":false},"excerpt":{"rendered":"<p>Come rendono noto gli Sch\u00fctzen, un autotrasportatore sudtirolese sarebbe stato multato dalla polizia stradale di Pordenone per aver presentato un contratto di lavoro redatto in lingua tedesca durante un normale controllo. Nemmeno l&#8217;invio, entro trenta minuti, di una traduzione (non dovuta!) in lingua italiana avrebbe convinto gli agenti a desistere dal loro intento chiaramente discriminatorio [&hellip;]<\/p>","protected":false},"author":1,"featured_media":0,"comment_status":"open","ping_status":"open","sticky":false,"template":"","format":"standard","meta":{"_crdt_document":"","ngg_post_thumbnail":0,"_jetpack_memberships_contains_paid_content":false,"footnotes":""},"categories":[1],"tags":[],"class_list":["post-17725","post","type-post","status-publish","format-standard","hentry","category-allgemein","entity-eu","entity-schutzen","issue-bilinguismo-negato","issue-italianizzazione","location-friaul","location-sudtirolo","language-italiano","topic-discriminaziun","topic-faschismen","topic-minderheitenschutz","topic-plurilinguism","topic-polizei","topic-recht"],"jetpack_featured_media_url":"","jetpack_sharing_enabled":true,"_links":{"self":[{"href":"https:\/\/www.brennerbasisdemokratie.eu\/index.php?rest_route=\/wp\/v2\/posts\/17725","targetHints":{"allow":["GET"]}}],"collection":[{"href":"https:\/\/www.brennerbasisdemokratie.eu\/index.php?rest_route=\/wp\/v2\/posts"}],"about":[{"href":"https:\/\/www.brennerbasisdemokratie.eu\/index.php?rest_route=\/wp\/v2\/types\/post"}],"author":[{"embeddable":true,"href":"https:\/\/www.brennerbasisdemokratie.eu\/index.php?rest_route=\/wp\/v2\/users\/1"}],"replies":[{"embeddable":true,"href":"https:\/\/www.brennerbasisdemokratie.eu\/index.php?rest_route=%2Fwp%2Fv2%2Fcomments&post=17725"}],"version-history":[{"count":12,"href":"https:\/\/www.brennerbasisdemokratie.eu\/index.php?rest_route=\/wp\/v2\/posts\/17725\/revisions"}],"predecessor-version":[{"id":66031,"href":"https:\/\/www.brennerbasisdemokratie.eu\/index.php?rest_route=\/wp\/v2\/posts\/17725\/revisions\/66031"}],"wp:attachment":[{"href":"https:\/\/www.brennerbasisdemokratie.eu\/index.php?rest_route=%2Fwp%2Fv2%2Fmedia&parent=17725"}],"wp:term":[{"taxonomy":"category","embeddable":true,"href":"https:\/\/www.brennerbasisdemokratie.eu\/index.php?rest_route=%2Fwp%2Fv2%2Fcategories&post=17725"},{"taxonomy":"post_tag","embeddable":true,"href":"https:\/\/www.brennerbasisdemokratie.eu\/index.php?rest_route=%2Fwp%2Fv2%2Ftags&post=17725"}],"curies":[{"name":"wp","href":"https:\/\/api.w.org\/{rel}","templated":true}]}}