{"id":17848,"date":"2014-01-02T14:16:40","date_gmt":"2014-01-02T13:16:40","guid":{"rendered":"http:\/\/www.brennerbasisdemokratie.eu\/?p=17848"},"modified":"2019-02-13T15:31:18","modified_gmt":"2019-02-13T14:31:18","slug":"mas-neujahrsansprache","status":"publish","type":"post","link":"https:\/\/www.brennerbasisdemokratie.eu\/?p=17848","title":{"rendered":"Mas\u2019 Neujahrsansprache."},"content":{"rendered":"<p><em>Auszug aus der Neujahrsansprache des katalanischen Pr\u00e4sidenten:<\/em><\/p>\n<blockquote><p>Das nun beginnende Jahr 2014 wird ein Jahr voller Symbolgehalt sein. Es wird das 300. Jubil\u00e4um des Erbfolgekriegs von 1714 sein, als Katalonien seine Privilegien, seine Verfassung, seine Institutionen und seine Freiheiten verlor. Drei Jahrhunderte sp\u00e4ter stehen wir beinahe vor einem Wunder: Ein Volk, das in dieser Zeit ebenso gut h\u00e4tte verschwinden k\u00f6nnen, setzt nicht nur seine Existenz fort, sondern plant \u2014 st\u00e4rker denn je \u2014 eine gro\u00dfe demokratische und vollkommen freidliche Herausforderung zu meistern, indem es \u00fcber seine Zukunft als Land, als Staat, als Volk entscheidet.<\/p>\n<p>Katalonien ist ein vielf\u00e4ltiges und multikulturelles Land, wegen der Herkunft der Menschen, die hier leben, wegen der Sprachen, die hier gesprochen werden, wegen der unterschiedlichen Denkungsarten und aufgrund der Vielfalt der politischen und ideologischen Optionen.<\/p>\n<p>Ein vielf\u00e4ltiges und multikulturelles Land, welches gleichzeitig f\u00e4hig ist, gro\u00dfen Konsens aufzubauen, wie er vor wenigen Wochen sichtbar wurde, als das Abkommen f\u00fcr ein Referendum unterzeichnet wurde, welches am 9. November dieses neuen Jahres stattfinden soll.<\/p>\n<p>Ich wei\u00df, dass es zu dieser gro\u00dfen Herausforderung keine Einstimmigkeit gibt. Manche Parteien widersetzen sich ihr, manche Mitb\u00fcrger begegnen dem Prozess mit Sorge, Angst und sogar Ablehnung.<\/p>\n<p>Das sind legitime und respektable Positionen, genauso legitim und respektabel, wie die, die in diesem Prozess den besten Weg zum Aufbau eines neuen Staates sehen: wegen seiner Modernit\u00e4t, dem Wohlstand, dem Sinn f\u00fcr soziale Gerechtigkeit, der gesellschaftlichen Verantwortung und der demokratischen Qualit\u00e4t.<\/p>\n<p>Jede einzelne Position muss mit Respekt und im Geiste des gemeinsamen Fortschritts verteidigt werden. Und soweit das von mir abh\u00e4ngt, wird es so sein.<\/p>\n<p>\u00dcber die individuelle Ansicht eines jeden einzelnen von uns hinaus werden es die Stimmen in den Urnen sein, die \u00fcber Proportion und Au\u00dfma\u00df der [politischen] Mehr- und Minderheiten in diesem Land entscheiden.<\/p>\n<p>Es gibt nichts Demokratischeres als diesen Weg. Katalonien ist ein Land mit einer langj\u00e4hrigen und tiefen demokratischen \u00dcberzeugung, weshalb wir diesen Weg beschreiten. Wichtige Themen demokratisch zu l\u00f6sen sollte weder Best\u00fcrzung noch Angst hervorrufen, und es ist selbstverst\u00e4ndlich, dass unsere Zukunft und das Verh\u00e4ltnis zu Spanien und Europa zu den wichtigsten unserer Herausforderungen geh\u00f6ren.<\/p>\n<p>Ich m\u00f6chte diese Neujahrsansprache nutzen, um den spanischen Staat dazu aufzufordern, uns abstimmen zu lassen. M\u00f6ge er die Stimme des katalanischen Volkes h\u00f6ren und keine Mauern errichten, um uns verstummen zu lassen. Diejenigen, die das Bed\u00fcrfnis dazu versp\u00fcren, sollen entscheiden d\u00fcrfen.<\/p>\n<p>Jedes Land hat implizit das Recht, \u00fcber seine Zukunft zu entscheiden. Doch jenen, die sogar diese Selbstverst\u00e4ndlichkeit ablehnen, werde ich sagen, dass sich Katalonien sein Recht auf Selbstbestmmung verdient hat. Die Katalanen in Vergangenheit und Gegenwart haben das Recht auf Selbstbestimmung erworben, weil sie es verstanden haben, ihre Identit\u00e4t, ihre Kultur, ihre Sprache und ihre Rechte am Leben zu erhalten, h\u00e4ufig gegen unrechte Gesetze und Normen; sie haben das Recht auf Selbstbestimmung erworben, weil sie Millionen von Menschen aus spanischen Regionen und fernen L\u00e4ndern willkommen gehei\u00dfen und integriert haben, wobei sie bewiesen haben, dass in Katalonien das gemeinsame Ziel wichtiger ist, als die Herkunft; und, vor allem, haben die Katalanen das Recht auf Selbstbestimmung erworben, da sie es verstanden und darauf bestanden haben, ihren Willen auf Eigenregierung aufrecht zu erhalten, unabh\u00e4ngig von historischen Widrigkeiten, die diese Eigenregierung aufhalten wollten und die sie jetzt einschr\u00e4nken und mindern m\u00f6chten.<\/p>\n<p>Mit einem Wort ziehen es die Katalanen vor, sich selbst zu regieren, statt regiert zu werden. Und sie wollen dies in einem st\u00e4rkeren, geeinteren, f\u00f6deraleren Europa tun.<\/p>\n<p>Deshalb erheben wir den Anspruch, abstimmen zu d\u00fcrfen und von der spanischen Regierung nicht als Gegner, geschweige denn als Feinde, angesehen zu werden. Wir waren und wir wollen jetzt und in Zukunft Partner sein, gute Partner. Aber von einer Position der Freiheit, unseres eigenen freien Willens aus \u2014 indem wir die Frage beantworten, f\u00fcr die wir eine Formulierung und ein Datum vereinbart haben.<\/p>\n<p>2014 wird also ein Jahr sein, w\u00e4hrend dessen wir uns an die Geschichte, Menschen und Wurzeln erinnern werden; doch es wird auch ein Jahr, um \u00fcber die Zukunft zu entscheiden und Horizonte zu erweitern.<\/p>\n<p>[\u2026]<\/p>\n<p>Wir d\u00fcrfen nicht vergessen, dass der Staat, den viele f\u00fcr Katalonien fordern, wie jeder andere Staat, nichts mehr als ein Werkzeug im Dienste der Menschen und des Landes ist. Das hei\u00dft, seiner B\u00fcrger.<\/p><\/blockquote>\n<p><strong>\u00dcbersetzung:<\/strong> <img class=\"bbdlogo\" src=\"https:\/\/www.brennerbasisdemokratie.eu\/wp-content\/uploads\/bbdsmileys\/bbde.png\"><\/p>\n<p><strong><span style=\"font-family: Helvetica, Arial, sans-serif; text-transform: uppercase;\">C\u00ebla enghe:<\/span><\/strong> <a title=\"Souver\u00e4nit\u00e4tserkl\u00e4rung.\" href=\"http:\/\/www.brennerbasisdemokratie.eu\/?p=13671\"><code>01<\/code><\/a> <a title=\"Ein modernes \u00bbB\u00fcrgerrecht\u00ab.\" href=\"http:\/\/www.brennerbasisdemokratie.eu\/?p=16850\"><code>02<\/code><\/a>\u00c2\u00a0<a title=\"La Catalogna (e il Sudtirolo).\" href=\"http:\/\/www.brennerbasisdemokratie.eu\/?p=16780\"><code>03<\/code><\/a> <a title=\"Mas: Souver\u00e4nit\u00e4t an die EU weitergeben.\" href=\"http:\/\/www.brennerbasisdemokratie.eu\/?p=15884\"><code>04<\/code><\/a> <a title=\"Mas antwortet Madrid.\" href=\"http:\/\/www.brennerbasisdemokratie.eu\/?p=12823\"><code>05<\/code><\/a><\/p>","protected":false},"excerpt":{"rendered":"<p>Auszug aus der Neujahrsansprache des katalanischen Pr\u00e4sidenten: Das nun beginnende Jahr 2014 wird ein Jahr voller Symbolgehalt sein. Es wird das 300. Jubil\u00e4um des Erbfolgekriegs von 1714 sein, als Katalonien seine Privilegien, seine Verfassung, seine Institutionen und seine Freiheiten verlor. Drei Jahrhunderte sp\u00e4ter stehen wir beinahe vor einem Wunder: Ein Volk, das in dieser Zeit [&hellip;]<\/p>","protected":false},"author":1,"featured_media":0,"comment_status":"open","ping_status":"open","sticky":false,"template":"","format":"standard","meta":{"_crdt_document":"","ngg_post_thumbnail":0,"_jetpack_memberships_contains_paid_content":false,"footnotes":""},"categories":[1],"tags":[],"class_list":["post-17848","post","type-post","status-publish","format-standard","hentry","category-allgemein","location-catalunya","language-deutsch","person-artur-mas","topic-mitbestimmung","topic-politik"],"jetpack_featured_media_url":"","jetpack_sharing_enabled":true,"_links":{"self":[{"href":"https:\/\/www.brennerbasisdemokratie.eu\/index.php?rest_route=\/wp\/v2\/posts\/17848","targetHints":{"allow":["GET"]}}],"collection":[{"href":"https:\/\/www.brennerbasisdemokratie.eu\/index.php?rest_route=\/wp\/v2\/posts"}],"about":[{"href":"https:\/\/www.brennerbasisdemokratie.eu\/index.php?rest_route=\/wp\/v2\/types\/post"}],"author":[{"embeddable":true,"href":"https:\/\/www.brennerbasisdemokratie.eu\/index.php?rest_route=\/wp\/v2\/users\/1"}],"replies":[{"embeddable":true,"href":"https:\/\/www.brennerbasisdemokratie.eu\/index.php?rest_route=%2Fwp%2Fv2%2Fcomments&post=17848"}],"version-history":[{"count":24,"href":"https:\/\/www.brennerbasisdemokratie.eu\/index.php?rest_route=\/wp\/v2\/posts\/17848\/revisions"}],"predecessor-version":[{"id":24309,"href":"https:\/\/www.brennerbasisdemokratie.eu\/index.php?rest_route=\/wp\/v2\/posts\/17848\/revisions\/24309"}],"wp:attachment":[{"href":"https:\/\/www.brennerbasisdemokratie.eu\/index.php?rest_route=%2Fwp%2Fv2%2Fmedia&parent=17848"}],"wp:term":[{"taxonomy":"category","embeddable":true,"href":"https:\/\/www.brennerbasisdemokratie.eu\/index.php?rest_route=%2Fwp%2Fv2%2Fcategories&post=17848"},{"taxonomy":"post_tag","embeddable":true,"href":"https:\/\/www.brennerbasisdemokratie.eu\/index.php?rest_route=%2Fwp%2Fv2%2Ftags&post=17848"}],"curies":[{"name":"wp","href":"https:\/\/api.w.org\/{rel}","templated":true}]}}