{"id":17905,"date":"2014-01-02T22:55:01","date_gmt":"2014-01-02T21:55:01","guid":{"rendered":"http:\/\/www.brennerbasisdemokratie.eu\/?p=17905"},"modified":"2024-12-07T22:41:46","modified_gmt":"2024-12-07T21:41:46","slug":"coalizione-etnicizzante","status":"publish","type":"post","link":"https:\/\/www.brennerbasisdemokratie.eu\/?p=17905","title":{"rendered":"Coalizione etnicizzante."},"content":{"rendered":"<p>La proporzionale etnica nell&#8217;assegnazione di cariche nel pubblico impiego \u00e8 un male a fin di bene, in quanto previene possibili storture derivanti dalla nostra appartenenza a uno stato (mono-)nazionale. In varie occasioni si \u00e8 proposto di abolirla o perlomeno di flessibilizzarla, magari rafforzando le garanzie di bilinguismo. Nella politica per\u00f2 sin dall&#8217;inizio la proporzionale fu molto blanda per non distorcere inutilmente la democrazia. Inutilmente? S\u00ec, perch\u00e9 se nel pubblico impiego la proporzionale impedisce che la dirigenza possa avantaggiare un candidato secondo criteri etnici, in democrazia la dirigenza \u00e8 rappresentata dal popolo sovrano che deve avere libert\u00e0 di scelta. Ovvero, se tutti gli elettori ritengono importante votare in base all&#8217;appartenenza etnica, ne conseguir\u00e0 un <em>Landtag<\/em> che rispecchia la proporzionale, ma se nessuno votasse secondo quel precetto, la distribuzione dei seggi risulterebbe giustamente modificata. Insomma la proporzionale etnica non ha senso quando c&#8217;\u00e8 proporzione democratica.<\/p>\n<p>In questo senso le ultime elezioni ci hanno consegnato una dieta sudtirolese palesemente sbilanciata etnicamente, col gruppo linguistico italiano fortemente sottorappresentato. Ma non \u00e8 stato il gruppo linguistico dominante a imporre questo risultato, bens\u00ec gli stessi italiani, votando partiti \u00abtedeschi\u00bb o non recandosi alle urne. I partiti italiani, dunque, non sono riusciti a mobilizzare il proprio elettorato, perch\u00e9 divisi e incapaci di formulare una proposta politica sufficientemente attraente. Ora come sappiamo il PD non ha voluto accettare la sconfitta, chiedendo ad alta voce di ignorare la proporzionale che, nella composizione dell&#8217;esecutivo, si riferisce alla composizione etnica del <em>Landtag<\/em> e non gi\u00e0 all&#8217;esito del censimento.<\/p>\n<p>Una richiesta rimasta inascoltata, ma non del tutto: infatti il programma di governo della presente legislatura prevede che lo statuto di autonomia sia modificato per adeguare la proporzionale e assicurare al PD un secondo <em>Landesrat<\/em>, che potrebbe venirgli consegnato gi\u00e0 nel corso del quinquennio. Una decisione che potrebbe risultare fatale, oltre a significare un&#8217;ulteriore etnicizzazione, ad uso e consumo di un partito che si autodefinisce interetnico <a title=\"Quotation (CXV): Italiener-Partei.\" href=\"http:\/\/www.brennerbasisdemokratie.eu\/?p=17559\">(salvo ritrattare all&#8217;occorrenza)<\/a> e che vorrebbe contribuire (a parole) alla mitigazione delle divisioni etniche.<\/p>\n<p>Un provvedimento che assoggettase (o che avvicinasse) la composizione del <em>Landtag<\/em> o anche solo dell&#8217;esecutivo alla proporzionale etnica \u2018assoluta\u2019 e non pi\u00f9 a quella \u2018elettorale\u2019, riorganizzerebbe la politica sudtirolese per comparti stagni iper-etnici, penalizzando i partiti interetnici (come i Verdi) e rendendo vano il voto trans-etnico (gli italiani che votano partiti \u00abtedeschi\u00bb e viceversa). Insomma, anche se votati \u2014 ipoteticamente \u2014 solo dal 5% degli elettori i rappresentanti italiani si assicurerebbero il 25% degli scranni, i rappresentanti tedeschi il 70% e quelli ladini il 4%, cancellando cos\u00ec le conseguenze dell&#8217;astensionismo \u2014 ma, probabilmente, aumentandone ulteriormente le dimensioni per la frustrazione che un tale provvedimento provocherebbe nell&#8217;elettorato.<\/p>\n<p>Il PD, incapace di accettare il responso delle urne, sarebbe dunque pronto a stravolgere il sistema democratico, aumentandone ulteriormente l&#8217;impronta etnica per non rinunciare a una poltrona: una vera e propria follia.<\/p>\n<p><strong><span style=\"font-family: Helvetica, Arial, sans-serif; text-transform: uppercase;\">C\u00ebla enghe:<\/span><\/strong> <a title=\"Landesregierung: PD f\u00fcr ethnische Erpressung.\" href=\"https:\/\/www.brennerbasisdemokratie.eu\/?p=81881\"><span style=\"color: #ff8c00\"><code>01<\/code><\/span><\/a><\/p>","protected":false},"excerpt":{"rendered":"<p>La proporzionale etnica nell&#8217;assegnazione di cariche nel pubblico impiego \u00e8 un male a fin di bene, in quanto previene possibili storture derivanti dalla nostra appartenenza a uno stato (mono-)nazionale. In varie occasioni si \u00e8 proposto di abolirla o perlomeno di flessibilizzarla, magari rafforzando le garanzie di bilinguismo. Nella politica per\u00f2 sin dall&#8217;inizio la proporzionale fu [&hellip;]<\/p>","protected":false},"author":1,"featured_media":0,"comment_status":"open","ping_status":"open","sticky":false,"template":"","format":"standard","meta":{"_crdt_document":"","ngg_post_thumbnail":0,"_jetpack_memberships_contains_paid_content":false,"footnotes":""},"categories":[1],"tags":[],"class_list":["post-17905","post","type-post","status-publish","format-standard","hentry","category-allgemein","entity-pd","entity-svp","entity-verc","issue-cumpedada","issue-landtagswahl-2013","issue-proporz","language-italiano","topic-minderheitenschutz","topic-politik","topic-recht"],"jetpack_featured_media_url":"","jetpack_sharing_enabled":true,"_links":{"self":[{"href":"https:\/\/www.brennerbasisdemokratie.eu\/index.php?rest_route=\/wp\/v2\/posts\/17905","targetHints":{"allow":["GET"]}}],"collection":[{"href":"https:\/\/www.brennerbasisdemokratie.eu\/index.php?rest_route=\/wp\/v2\/posts"}],"about":[{"href":"https:\/\/www.brennerbasisdemokratie.eu\/index.php?rest_route=\/wp\/v2\/types\/post"}],"author":[{"embeddable":true,"href":"https:\/\/www.brennerbasisdemokratie.eu\/index.php?rest_route=\/wp\/v2\/users\/1"}],"replies":[{"embeddable":true,"href":"https:\/\/www.brennerbasisdemokratie.eu\/index.php?rest_route=%2Fwp%2Fv2%2Fcomments&post=17905"}],"version-history":[{"count":7,"href":"https:\/\/www.brennerbasisdemokratie.eu\/index.php?rest_route=\/wp\/v2\/posts\/17905\/revisions"}],"predecessor-version":[{"id":89539,"href":"https:\/\/www.brennerbasisdemokratie.eu\/index.php?rest_route=\/wp\/v2\/posts\/17905\/revisions\/89539"}],"wp:attachment":[{"href":"https:\/\/www.brennerbasisdemokratie.eu\/index.php?rest_route=%2Fwp%2Fv2%2Fmedia&parent=17905"}],"wp:term":[{"taxonomy":"category","embeddable":true,"href":"https:\/\/www.brennerbasisdemokratie.eu\/index.php?rest_route=%2Fwp%2Fv2%2Fcategories&post=17905"},{"taxonomy":"post_tag","embeddable":true,"href":"https:\/\/www.brennerbasisdemokratie.eu\/index.php?rest_route=%2Fwp%2Fv2%2Ftags&post=17905"}],"curies":[{"name":"wp","href":"https:\/\/api.w.org\/{rel}","templated":true}]}}