{"id":17911,"date":"2014-01-03T11:08:27","date_gmt":"2014-01-03T10:08:27","guid":{"rendered":"http:\/\/www.brennerbasisdemokratie.eu\/?p=17911"},"modified":"2014-01-04T07:56:34","modified_gmt":"2014-01-04T06:56:34","slug":"katalonien-die-internationalisierung","status":"publish","type":"post","link":"https:\/\/www.brennerbasisdemokratie.eu\/?p=17911","title":{"rendered":"Katalanische Diplomatie-Offensive."},"content":{"rendered":"<p>W\u00e4hrend sich unser designierter Landeshauptmann darauf beschr\u00e4nkt, <a title=\"\u00bbDie Staatengemeinschaft.\u00ab\" href=\"http:\/\/www.brennerbasisdemokratie.eu\/?p=16517\">Vorgaben von einem Botschafter entgegenzunehmen und wiederzugeben<\/a>, leitet der katalanische Pr\u00e4sident Artur Mas die n\u00e4chste Phase des Selbstbestimmungsprozesses ein: Mit einem Brief und einem vom Au\u00dfenamt seiner Regierung ausgearbeiteten Kurz-Memorandum wendet er sich an alle 27 Regierungschefs der EU (mit Ausnahme Spaniens, wo gesondert verhandelt wird) und an weitere 45 Regierungen weltweit.<\/p>\n<div class=\"tiled-gallery type-rectangular tiled-gallery-unresized\" data-original-width=\"900\" data-carousel-extra='null' itemscope itemtype=\"http:\/\/schema.org\/ImageGallery\" > <div class=\"gallery-row\" style=\"width: 900px; height: 425px;\" data-original-width=\"900\" data-original-height=\"425\" > <div class=\"gallery-group images-1\" style=\"width: 302px; height: 425px;\" data-original-width=\"302\" data-original-height=\"425\" > <div class=\"tiled-gallery-item tiled-gallery-item-large\" itemprop=\"associatedMedia\" itemscope itemtype=\"http:\/\/schema.org\/ImageObject\"> <a href=\"https:\/\/i0.wp.com\/www.brennerbasisdemokratie.eu\/wp-content\/uploads\/2014\/01\/brief.jpg?ssl=1\" border=\"0\" itemprop=\"url\"> <meta itemprop=\"width\" content=\"298\"> <meta itemprop=\"height\" content=\"421\"> <img decoding=\"async\" class=\"\" data-attachment-id=\"17912\" data-orig-file=\"https:\/\/www.brennerbasisdemokratie.eu\/wp-content\/uploads\/2014\/01\/brief.jpg\" data-orig-size=\"620,877\" data-comments-opened=\"1\" data-image-meta=\"{&quot;aperture&quot;:&quot;0&quot;,&quot;credit&quot;:&quot;&quot;,&quot;camera&quot;:&quot;&quot;,&quot;caption&quot;:&quot;&quot;,&quot;created_timestamp&quot;:&quot;0&quot;,&quot;copyright&quot;:&quot;&quot;,&quot;focal_length&quot;:&quot;0&quot;,&quot;iso&quot;:&quot;0&quot;,&quot;shutter_speed&quot;:&quot;0&quot;,&quot;title&quot;:&quot;&quot;}\" data-image-title=\"Brief.\" data-image-description=\"\" data-medium-file=\"https:\/\/www.brennerbasisdemokratie.eu\/wp-content\/uploads\/2014\/01\/brief-212x300.jpg\" data-large-file=\"https:\/\/www.brennerbasisdemokratie.eu\/wp-content\/uploads\/2014\/01\/brief.jpg\" src=\"https:\/\/i0.wp.com\/www.brennerbasisdemokratie.eu\/wp-content\/uploads\/2014\/01\/brief.jpg?w=298&#038;h=421&#038;ssl=1\" srcset=\"https:\/\/www.brennerbasisdemokratie.eu\/wp-content\/uploads\/2014\/01\/brief.jpg 620w, https:\/\/www.brennerbasisdemokratie.eu\/wp-content\/uploads\/2014\/01\/brief-106x150.jpg 106w, https:\/\/www.brennerbasisdemokratie.eu\/wp-content\/uploads\/2014\/01\/brief-212x300.jpg 212w\" width=\"298\" height=\"421\" loading=\"lazy\" data-original-width=\"298\" data-original-height=\"421\" itemprop=\"http:\/\/schema.org\/image\" title=\"Brief.\" alt=\"Brief.\" style=\"width: 298px; height: 421px;\" \/> <\/a> <div class=\"tiled-gallery-caption\" itemprop=\"caption description\"> Brief. <\/div> <\/div> <\/div> <!-- close group --> <div class=\"gallery-group images-1\" style=\"width: 299px; height: 425px;\" data-original-width=\"299\" data-original-height=\"425\" > <div class=\"tiled-gallery-item tiled-gallery-item-large\" itemprop=\"associatedMedia\" itemscope itemtype=\"http:\/\/schema.org\/ImageObject\"> <a href=\"https:\/\/i0.wp.com\/www.brennerbasisdemokratie.eu\/wp-content\/uploads\/2014\/01\/memorandum1.jpg?ssl=1\" border=\"0\" itemprop=\"url\"> <meta itemprop=\"width\" content=\"295\"> <meta itemprop=\"height\" content=\"421\"> <img decoding=\"async\" class=\"\" data-attachment-id=\"17913\" data-orig-file=\"https:\/\/www.brennerbasisdemokratie.eu\/wp-content\/uploads\/2014\/01\/memorandum1.jpg\" data-orig-size=\"576,822\" data-comments-opened=\"1\" data-image-meta=\"{&quot;aperture&quot;:&quot;0&quot;,&quot;credit&quot;:&quot;&quot;,&quot;camera&quot;:&quot;&quot;,&quot;caption&quot;:&quot;&quot;,&quot;created_timestamp&quot;:&quot;0&quot;,&quot;copyright&quot;:&quot;&quot;,&quot;focal_length&quot;:&quot;0&quot;,&quot;iso&quot;:&quot;0&quot;,&quot;shutter_speed&quot;:&quot;0&quot;,&quot;title&quot;:&quot;&quot;}\" data-image-title=\"Memorandum Seite 1.\" data-image-description=\"\" data-medium-file=\"https:\/\/www.brennerbasisdemokratie.eu\/wp-content\/uploads\/2014\/01\/memorandum1-210x300.jpg\" data-large-file=\"https:\/\/www.brennerbasisdemokratie.eu\/wp-content\/uploads\/2014\/01\/memorandum1.jpg\" src=\"https:\/\/i0.wp.com\/www.brennerbasisdemokratie.eu\/wp-content\/uploads\/2014\/01\/memorandum1.jpg?w=295&#038;h=421&#038;ssl=1\" srcset=\"https:\/\/www.brennerbasisdemokratie.eu\/wp-content\/uploads\/2014\/01\/memorandum1.jpg 576w, https:\/\/www.brennerbasisdemokratie.eu\/wp-content\/uploads\/2014\/01\/memorandum1-105x150.jpg 105w, https:\/\/www.brennerbasisdemokratie.eu\/wp-content\/uploads\/2014\/01\/memorandum1-210x300.jpg 210w\" width=\"295\" height=\"421\" loading=\"lazy\" data-original-width=\"295\" data-original-height=\"421\" itemprop=\"http:\/\/schema.org\/image\" title=\"Memorandum Seite 1.\" alt=\"Memorandum S. 1\" style=\"width: 295px; height: 421px;\" \/> <\/a> <div class=\"tiled-gallery-caption\" itemprop=\"caption description\"> Memorandum S. 1 <\/div> <\/div> <\/div> <!-- close group --> <div class=\"gallery-group images-1\" style=\"width: 299px; height: 425px;\" data-original-width=\"299\" data-original-height=\"425\" > <div class=\"tiled-gallery-item tiled-gallery-item-large\" itemprop=\"associatedMedia\" itemscope itemtype=\"http:\/\/schema.org\/ImageObject\"> <a href=\"https:\/\/i0.wp.com\/www.brennerbasisdemokratie.eu\/wp-content\/uploads\/2014\/01\/memorandum2.jpg?ssl=1\" border=\"0\" itemprop=\"url\"> <meta itemprop=\"width\" content=\"295\"> <meta itemprop=\"height\" content=\"421\"> <img decoding=\"async\" class=\"\" data-attachment-id=\"17914\" data-orig-file=\"https:\/\/www.brennerbasisdemokratie.eu\/wp-content\/uploads\/2014\/01\/memorandum2.jpg\" data-orig-size=\"576,822\" data-comments-opened=\"1\" data-image-meta=\"{&quot;aperture&quot;:&quot;0&quot;,&quot;credit&quot;:&quot;&quot;,&quot;camera&quot;:&quot;&quot;,&quot;caption&quot;:&quot;&quot;,&quot;created_timestamp&quot;:&quot;0&quot;,&quot;copyright&quot;:&quot;&quot;,&quot;focal_length&quot;:&quot;0&quot;,&quot;iso&quot;:&quot;0&quot;,&quot;shutter_speed&quot;:&quot;0&quot;,&quot;title&quot;:&quot;&quot;}\" data-image-title=\"Memorandum Seite 2.\" data-image-description=\"\" data-medium-file=\"https:\/\/www.brennerbasisdemokratie.eu\/wp-content\/uploads\/2014\/01\/memorandum2-210x300.jpg\" data-large-file=\"https:\/\/www.brennerbasisdemokratie.eu\/wp-content\/uploads\/2014\/01\/memorandum2.jpg\" src=\"https:\/\/i0.wp.com\/www.brennerbasisdemokratie.eu\/wp-content\/uploads\/2014\/01\/memorandum2.jpg?w=295&#038;h=421&#038;ssl=1\" srcset=\"https:\/\/www.brennerbasisdemokratie.eu\/wp-content\/uploads\/2014\/01\/memorandum2.jpg 576w, https:\/\/www.brennerbasisdemokratie.eu\/wp-content\/uploads\/2014\/01\/memorandum2-105x150.jpg 105w, https:\/\/www.brennerbasisdemokratie.eu\/wp-content\/uploads\/2014\/01\/memorandum2-210x300.jpg 210w\" width=\"295\" height=\"421\" loading=\"lazy\" data-original-width=\"295\" data-original-height=\"421\" itemprop=\"http:\/\/schema.org\/image\" title=\"Memorandum Seite 2.\" alt=\"Memorandum S. 2\" style=\"width: 295px; height: 421px;\" \/> <\/a> <div class=\"tiled-gallery-caption\" itemprop=\"caption description\"> Memorandum S. 2 <\/div> <\/div> <\/div> <!-- close group --> <\/div> <!-- close row --> <\/div>\n<p>Er nutzt diese Diplomatie-Offensive, um das Ausland darauf vorzubereiten, was aus katalanischer Sicht unausweichlich ist \u2014 eine Abstimmung \u00fcber die Zukunft des Landes \u2014 und verurteilt die Panikmache, die mit der Drohung des EU-Ausschlusses einhergeht. Rechtliche Schranken, wie sie auch in S\u00fcdtirol seit Jahrzehnten wie ein Riegel vorgeschoben werden, bezeichnet Mas indirekt als das was sie sind: Vorw\u00e4nde, die lediglich die politische Weigerung maskieren, einen demokratischen Prozess zuzulassen.<\/p>\n<p><strong><span style=\"font-family: Helvetica, Arial, sans-serif; text-transform: uppercase;\">C\u00ebla enghe:<\/span><\/strong> <a title=\"Mas\u2019 Neujahrsansprache.\" href=\"http:\/\/www.brennerbasisdemokratie.eu\/?p=17848\"><code>01<\/code><\/a> <a title=\"\u00bbDie Staatengemeinschaft.\u00ab\" href=\"http:\/\/www.brennerbasisdemokratie.eu\/?p=16517\"><code>02<\/code><\/a> <a title=\"Quotation (CVI): Demokratie-Botschafter.\" href=\"http:\/\/www.brennerbasisdemokratie.eu\/?p=17002\"><code>03<\/code><\/a> <a title=\"EU-Ausschluss ist Angstmacherei.\" href=\"http:\/\/www.brennerbasisdemokratie.eu\/?p=17184\"><code>04<\/code><\/a> <a title=\"Dammbruch in der EU?\" href=\"http:\/\/www.brennerbasisdemokratie.eu\/?p=16717\"><code>05<\/code><\/a><\/p>","protected":false},"excerpt":{"rendered":"<p>W\u00e4hrend sich unser designierter Landeshauptmann darauf beschr\u00e4nkt, Vorgaben von einem Botschafter entgegenzunehmen und wiederzugeben, leitet der katalanische Pr\u00e4sident Artur Mas die n\u00e4chste Phase des Selbstbestimmungsprozesses ein: Mit einem Brief und einem vom Au\u00dfenamt seiner Regierung ausgearbeiteten Kurz-Memorandum wendet er sich an alle 27 Regierungschefs der EU (mit Ausnahme Spaniens, wo gesondert verhandelt wird) und an [&hellip;]<\/p>","protected":false},"author":1,"featured_media":0,"comment_status":"open","ping_status":"open","sticky":false,"template":"","format":"standard","meta":{"_crdt_document":"","ngg_post_thumbnail":0,"_jetpack_memberships_contains_paid_content":false,"footnotes":""},"categories":[],"tags":[],"class_list":["post-17911","post","type-post","status-publish","format-standard","hentry","entity-eu","location-catalunya","topic-aussendarstellung","topic-mitbestimmung","topic-politik","topic-recht","topic-zentralismus"],"jetpack_featured_media_url":"","jetpack_sharing_enabled":true,"_links":{"self":[{"href":"https:\/\/www.brennerbasisdemokratie.eu\/index.php?rest_route=\/wp\/v2\/posts\/17911","targetHints":{"allow":["GET"]}}],"collection":[{"href":"https:\/\/www.brennerbasisdemokratie.eu\/index.php?rest_route=\/wp\/v2\/posts"}],"about":[{"href":"https:\/\/www.brennerbasisdemokratie.eu\/index.php?rest_route=\/wp\/v2\/types\/post"}],"author":[{"embeddable":true,"href":"https:\/\/www.brennerbasisdemokratie.eu\/index.php?rest_route=\/wp\/v2\/users\/1"}],"replies":[{"embeddable":true,"href":"https:\/\/www.brennerbasisdemokratie.eu\/index.php?rest_route=%2Fwp%2Fv2%2Fcomments&post=17911"}],"version-history":[{"count":5,"href":"https:\/\/www.brennerbasisdemokratie.eu\/index.php?rest_route=\/wp\/v2\/posts\/17911\/revisions"}],"predecessor-version":[{"id":17924,"href":"https:\/\/www.brennerbasisdemokratie.eu\/index.php?rest_route=\/wp\/v2\/posts\/17911\/revisions\/17924"}],"wp:attachment":[{"href":"https:\/\/www.brennerbasisdemokratie.eu\/index.php?rest_route=%2Fwp%2Fv2%2Fmedia&parent=17911"}],"wp:term":[{"taxonomy":"category","embeddable":true,"href":"https:\/\/www.brennerbasisdemokratie.eu\/index.php?rest_route=%2Fwp%2Fv2%2Fcategories&post=17911"},{"taxonomy":"post_tag","embeddable":true,"href":"https:\/\/www.brennerbasisdemokratie.eu\/index.php?rest_route=%2Fwp%2Fv2%2Ftags&post=17911"}],"curies":[{"name":"wp","href":"https:\/\/api.w.org\/{rel}","templated":true}]}}