{"id":18010,"date":"2014-01-11T18:42:49","date_gmt":"2014-01-11T17:42:49","guid":{"rendered":"http:\/\/www.brennerbasisdemokratie.eu\/?p=18010"},"modified":"2025-12-12T10:29:42","modified_gmt":"2025-12-12T09:29:42","slug":"unser-zebra","status":"publish","type":"post","link":"https:\/\/www.brennerbasisdemokratie.eu\/?p=18010","title":{"rendered":"\u203aUnser\u2039 Zebra."},"content":{"rendered":"<blockquote><p><img loading=\"lazy\" decoding=\"async\" class=\"wp-image-18016 aligncenter\" style=\"border: none;\" src=\"http:\/\/www.brennerbasisdemokratie.eu\/wp-content\/uploads\/2014\/01\/zebra-276x300.jpg\" alt=\"\" width=\"166\" height=\"180\" srcset=\"https:\/\/www.brennerbasisdemokratie.eu\/wp-content\/uploads\/2014\/01\/zebra-276x300.jpg 276w, https:\/\/www.brennerbasisdemokratie.eu\/wp-content\/uploads\/2014\/01\/zebra-138x150.jpg 138w, https:\/\/www.brennerbasisdemokratie.eu\/wp-content\/uploads\/2014\/01\/zebra.jpg 376w\" sizes=\"auto, (max-width: 166px) 100vw, 166px\" \/><\/p><\/blockquote>\n<p>Sechsmal j\u00e4hrlich wird sie erscheinen, die erste S\u00fcdtiroler Stra\u00dfenzeitung namens Zebra, die sich aus dem seit nunmehr \u00fcber 30 Jahre erscheinenden Rundbrief der <em>Organisation f\u00fcr eine solidarische Welt<\/em> (kurz OEW) in Brixen entwickelt hat. Was sich au\u00dferhalb unseres Landes schon seit langem bew\u00e4hrt hat, soll nun auch bei uns \u2014 endlich! \u2014 zum Alltag geh\u00f6ren, und zwar landesweit. Schon bald werden die Stra\u00dfenverk\u00e4ufer wohl kaum noch von unseren Stra\u00dfen wegzudenken sein, die uns mit ihrem Blatt eine etwas andere Sicht auf S\u00fcdtirol gestatten und gleichzeitig die M\u00f6glichkeit geben, die OEW zu unterst\u00fctzen (zwei Euro kostet eine Ausgabe, wovon die H\u00e4lfte an den Verk\u00e4ufer und der Rest an die Organisation geht).<\/p>\n<p>Nicht zuletzt <img class=\"bbdlogo\" src=\"https:\/\/www.brennerbasisdemokratie.eu\/wp-content\/uploads\/bbdsmileys\/bbde.png\"> hatte vor knapp zwei Jahren <a title=\"Ein Bettler-G\u00fctesiegel.\" href=\"http:\/\/www.brennerbasisdemokratie.eu\/?p=10767\">die Abwesenheit einer Stra\u00dfenzeitung bedauert<\/a>, weshalb ich das Engagement der OEW umso mehr begr\u00fc\u00dfe.<\/p>\n<p>Ein interessanter Versuch wurde vor einigen Wochen auch in Bozen gestartet, wo die Stadtgemeinde ihrem Mitteilungsblatt einen \u00bbthemenbezogenen\u00ab Stadtplan beigelegt hat: Darauf sind s\u00e4mtliche Anlaufstellen und Notunterk\u00fcnfte der Landeshauptstadt einschlie\u00dflich Spendenkonten angef\u00fchrt. Die B\u00fcrgerInnen sollen damit Obdachlosen, Bettlern und anderen Bed\u00fcrftigen \u2014 statt einer Geldspende \u2014 n\u00fctzliche Informationen geben k\u00f6nnen, wo in Bozen man sich um sie k\u00fcmmert. Finanzielle Zuwendungen k\u00f6nnen sie hingegen, nachhaltiger und sicher, den oft ehrenamtlich arbeitenden Organisationen zuteil werden lassen.<\/p>","protected":false},"excerpt":{"rendered":"<p>Sechsmal j\u00e4hrlich wird sie erscheinen, die erste S\u00fcdtiroler Stra\u00dfenzeitung namens Zebra, die sich aus dem seit nunmehr \u00fcber 30 Jahre erscheinenden Rundbrief der Organisation f\u00fcr eine solidarische Welt (kurz OEW) in Brixen entwickelt hat. Was sich au\u00dferhalb unseres Landes schon seit langem bew\u00e4hrt hat, soll nun auch bei uns \u2014 endlich! \u2014 zum Alltag geh\u00f6ren, [&hellip;]<\/p>","protected":false},"author":1,"featured_media":0,"comment_status":"open","ping_status":"open","sticky":false,"template":"","format":"standard","meta":{"_crdt_document":"","ngg_post_thumbnail":0,"_jetpack_memberships_contains_paid_content":false,"footnotes":""},"categories":[1],"tags":[],"class_list":["post-18010","post","type-post","status-publish","format-standard","hentry","category-allgemein","entity-oew","issue-good-news","location-sudtirolo","language-deutsch","medium-zebra","topic-medien","topic-migraziun","topic-politik","topic-solidariete","topic-soziales"],"jetpack_featured_media_url":"","jetpack_sharing_enabled":true,"_links":{"self":[{"href":"https:\/\/www.brennerbasisdemokratie.eu\/index.php?rest_route=\/wp\/v2\/posts\/18010","targetHints":{"allow":["GET"]}}],"collection":[{"href":"https:\/\/www.brennerbasisdemokratie.eu\/index.php?rest_route=\/wp\/v2\/posts"}],"about":[{"href":"https:\/\/www.brennerbasisdemokratie.eu\/index.php?rest_route=\/wp\/v2\/types\/post"}],"author":[{"embeddable":true,"href":"https:\/\/www.brennerbasisdemokratie.eu\/index.php?rest_route=\/wp\/v2\/users\/1"}],"replies":[{"embeddable":true,"href":"https:\/\/www.brennerbasisdemokratie.eu\/index.php?rest_route=%2Fwp%2Fv2%2Fcomments&post=18010"}],"version-history":[{"count":17,"href":"https:\/\/www.brennerbasisdemokratie.eu\/index.php?rest_route=\/wp\/v2\/posts\/18010\/revisions"}],"predecessor-version":[{"id":96815,"href":"https:\/\/www.brennerbasisdemokratie.eu\/index.php?rest_route=\/wp\/v2\/posts\/18010\/revisions\/96815"}],"wp:attachment":[{"href":"https:\/\/www.brennerbasisdemokratie.eu\/index.php?rest_route=%2Fwp%2Fv2%2Fmedia&parent=18010"}],"wp:term":[{"taxonomy":"category","embeddable":true,"href":"https:\/\/www.brennerbasisdemokratie.eu\/index.php?rest_route=%2Fwp%2Fv2%2Fcategories&post=18010"},{"taxonomy":"post_tag","embeddable":true,"href":"https:\/\/www.brennerbasisdemokratie.eu\/index.php?rest_route=%2Fwp%2Fv2%2Ftags&post=18010"}],"curies":[{"name":"wp","href":"https:\/\/api.w.org\/{rel}","templated":true}]}}