{"id":18101,"date":"2014-01-17T12:09:56","date_gmt":"2014-01-17T11:09:56","guid":{"rendered":"http:\/\/www.brennerbasisdemokratie.eu\/?p=18101"},"modified":"2025-12-16T18:42:17","modified_gmt":"2025-12-16T17:42:17","slug":"maroni-nicht-willkommen","status":"publish","type":"post","link":"https:\/\/www.brennerbasisdemokratie.eu\/?p=18101","title":{"rendered":"Maroni \u203anicht willkommen\u2039."},"content":{"rendered":"<p>Der lombardische Pr\u00e4sident Roberto Maroni h\u00e4lt sich dieser Tage in Katalonien auf, unter anderem um die Expo vorzustellen, die 2015 in Mailand stattfinden wird. Zudem nutzt er die Gelegenheit zu politischen Gespr\u00e4chen mit katalanischen Spitzenpolitikern.<\/p>\n<p>Im Lande ist jedoch ein breiter Widerstand dagegen ausgebrochen, dass sich Pr\u00e4sident Artur Mas mit dem xenophoben <em>Lega<\/em>-Politiker treffen k\u00f6nnte. Vereine wie <em><strong>SOS Racisme<\/strong><\/em> oder <em><strong>Amical de Mauthausen<\/strong><\/em> rufen den CiU-Politiker dazu auf, Maroni den offiziellen Empfang zu verweigern.<\/p>\n<p>Unabh\u00e4ngigkeitsbef\u00fcrworter warnen, Roberto Maroni m\u00f6chte sich mit den fremden Federn des katalanischen Prozesses schm\u00fccken. In einem <a title=\"Vilaweb: Roberto Maroni is not welcome in Catalonia.\" href=\"http:\/\/www.vilaweb.cat\/editorial\/4167087\/roberto-maroni-is-not-welcome-in-catalonia.html\" target=\"_blank\" rel=\"noopener\">Leitartikel<\/a> mit dem eindeutigen Titel <strong>\u00bbRoberto Maroni is not welcome in Catalonia\u00ab<\/strong> schreibt der Herausgeber von <em>Vilaweb,<\/em> einem der wichtigsten katalanischen Nachrichtenportale im Internet, aufgrund seiner institutionellen Rolle k\u00f6nne man dem Lombarden einen amtlichen Empfang nicht einfach verweigern. Umso wichtiger sei es daher, dass die Zivilgesellschaft ihre klare Ablehnung zeige.<\/p>\n<p>Die <em>Lega Nord<\/em> sei \u00bbeine populistische, xenophobe Bewegung, die eine erfundene Identit\u00e4t wie die padanische\u00ab f\u00fcr ein Projekt missbrauche, das dem \u00bbpluralistischen, inklusiven und demokratischen Geist\u00ab des katalanischen Prozesses widerspreche. \u00bbHier [in Katalonien] wird niemand gefragt, woher er kommt, sondern vielmehr, was er sein m\u00f6chte. Wir glauben, dass eine Gesellschaft je pluraler, desto reicher ist.\u00ab<\/p>\n<p>Man k\u00f6nne keinen Staat gr\u00fcnden, wenn man Menschen, die darin leben, ausgrenzt. Katalonien habe mit der <em>Lega<\/em> nichts zu tun und wolle damit auch niemals etwas zu tun haben. Nicht nur, \u00bbich glaube wir sind uns in Katalonien alle einig, dass wir hier unser Bestes geben, um Europa nicht in den dunklen Graben fallen zu lassen, in den uns die Lega alle rei\u00dfen m\u00f6chte\u00ab, so Herausgeber Vicent Partal abschlie\u00dfend.<\/p>\n<p>Und es gibt tats\u00e4chlich Leute, die der katalanische Unabh\u00e4ngigkeitsbewegung Europafeindlichkeit unterstellen m\u00f6chten, um den Prozess zu diskreditieren und im Widerspruch zur kontinentalen Einigung darzustellen.<\/p>","protected":false},"excerpt":{"rendered":"<p>Der lombardische Pr\u00e4sident Roberto Maroni h\u00e4lt sich dieser Tage in Katalonien auf, unter anderem um die Expo vorzustellen, die 2015 in Mailand stattfinden wird. Zudem nutzt er die Gelegenheit zu politischen Gespr\u00e4chen mit katalanischen Spitzenpolitikern. Im Lande ist jedoch ein breiter Widerstand dagegen ausgebrochen, dass sich Pr\u00e4sident Artur Mas mit dem xenophoben Lega-Politiker treffen k\u00f6nnte. [&hellip;]<\/p>","protected":false},"author":1,"featured_media":0,"comment_status":"open","ping_status":"open","sticky":false,"template":"","format":"standard","meta":{"_crdt_document":"","ngg_post_thumbnail":0,"_jetpack_memberships_contains_paid_content":false,"footnotes":""},"categories":[1],"tags":[],"class_list":["post-18101","post","type-post","status-publish","format-standard","hentry","category-allgemein","entity-eu","entity-lega","issue-good-news","location-catalunya","location-lombardia","language-deutsch","medium-vilaweb","person-artur-mas","person-roberto-maroni","topic-kohasion","topic-medien","topic-migraziun","topic-politik","topic-racism","topic-solidariete"],"jetpack_featured_media_url":"","jetpack_sharing_enabled":true,"_links":{"self":[{"href":"https:\/\/www.brennerbasisdemokratie.eu\/index.php?rest_route=\/wp\/v2\/posts\/18101","targetHints":{"allow":["GET"]}}],"collection":[{"href":"https:\/\/www.brennerbasisdemokratie.eu\/index.php?rest_route=\/wp\/v2\/posts"}],"about":[{"href":"https:\/\/www.brennerbasisdemokratie.eu\/index.php?rest_route=\/wp\/v2\/types\/post"}],"author":[{"embeddable":true,"href":"https:\/\/www.brennerbasisdemokratie.eu\/index.php?rest_route=\/wp\/v2\/users\/1"}],"replies":[{"embeddable":true,"href":"https:\/\/www.brennerbasisdemokratie.eu\/index.php?rest_route=%2Fwp%2Fv2%2Fcomments&post=18101"}],"version-history":[{"count":8,"href":"https:\/\/www.brennerbasisdemokratie.eu\/index.php?rest_route=\/wp\/v2\/posts\/18101\/revisions"}],"predecessor-version":[{"id":96926,"href":"https:\/\/www.brennerbasisdemokratie.eu\/index.php?rest_route=\/wp\/v2\/posts\/18101\/revisions\/96926"}],"wp:attachment":[{"href":"https:\/\/www.brennerbasisdemokratie.eu\/index.php?rest_route=%2Fwp%2Fv2%2Fmedia&parent=18101"}],"wp:term":[{"taxonomy":"category","embeddable":true,"href":"https:\/\/www.brennerbasisdemokratie.eu\/index.php?rest_route=%2Fwp%2Fv2%2Fcategories&post=18101"},{"taxonomy":"post_tag","embeddable":true,"href":"https:\/\/www.brennerbasisdemokratie.eu\/index.php?rest_route=%2Fwp%2Fv2%2Ftags&post=18101"}],"curies":[{"name":"wp","href":"https:\/\/api.w.org\/{rel}","templated":true}]}}