{"id":18112,"date":"2014-01-18T09:16:24","date_gmt":"2014-01-18T08:16:24","guid":{"rendered":"http:\/\/www.brennerbasisdemokratie.eu\/?p=18112"},"modified":"2025-06-18T19:35:53","modified_gmt":"2025-06-18T17:35:53","slug":"zum-erklaeren-verdammt","status":"publish","type":"post","link":"https:\/\/www.brennerbasisdemokratie.eu\/?p=18112","title":{"rendered":"Zum Erkl\u00e4ren verdammt."},"content":{"rendered":"<p>Christian Pfeifer analysiert in der <em>S\u00fcdtiroler Wirtschaftszeitung<\/em> (SWZ) vom 17.01.2014 in einem Kommentar die Sendung <em>Porta a Porta<\/em> mit dem Moderator Bruno Vespa und dem zugeschalteten Gast aus S\u00fcdtirol, Arno Kompatscher. Dabei kommt er zu einigen kuriosen R\u00fcckschl\u00fcssen:<\/p>\n<blockquote><p>Das Argument, dass S\u00fcdtirol aus Gr\u00fcnden des Minderheitenschutzes eine gut ausgestattete Autonomie zusteht, zieht bald 100 Jahre nach der Annexion nicht mehr<\/p><\/blockquote>\n<p>Will wohl hei\u00dfen, nach beinahe 100 Jahren sollte man eigentlich soweit assimiliert sein, um nicht mehr Sonderrechte geltend zu machen oder zumindest nicht mehr automatisch einen Status zu beanspruchen, der autonomer ist, als eine normale Provinz.<\/p>\n<p>Auf die Idee, dass der Nationalstaat in den knapp 100 Jahren seit der Annexion gen\u00fcgend Zeit gehabt h\u00e4tte sein Verh\u00e4ltnis zu kulturell und sprachlich von der Titularnation unterschiedlichen Regionen zu kl\u00e4ren oder sich wirksam zu f\u00f6deralisiern, kommt der Kommentator nicht.<\/p>\n<p>Nun \u2014 was ist zu tun nach den geballten Angriffen aus den RAI-Studios und der allgemeinen Stimmung in Italien, die auf einen neuen Zentralismus hinausl\u00e4uft und die Sonderautonomien als privilegiert betrachtet?<\/p>\n<blockquote><p>S\u00fcdtirol \u2013 und damit sind nicht nur die Politiker gemeint \u2013 muss davon abgehen, sein \u201cRecht\u201d auf die Autonomie zu betonen und vielmehr auf jeder sich bietenden B\u00fchne dieses S\u00fcdtirol erkl\u00e4ren.<\/p><\/blockquote>\n<p>Die Existenzberechtigung der Autonomie l\u00e4ge diesem Gedankenansatz folgend nicht mehr in verbrieften Rechten, einem internationalen Vertrag oder einer sprachlich und kulturellen Sondersituation. Besorgniserregend, dass Pfeifer so leichtfertig den rechtlich\/moralisch\/historischen Aspekt der S\u00fcdtirolautonomie in Frage stellt, also die Existenzberechtigung schlechthin f\u00fcr unseren Sonderstatus innerhalb eines Nationalstaates.<\/p>\n<p>Das Erkl\u00e4ren unserer besonderen Region im Sinne einer professionellen Au\u00dfendarstellung ist sicher n\u00fctzlich. Trotzdem w\u00e4re eine Verpflichtung zum andauernden Erkl\u00e4ren eine br\u00fcchige Basis f\u00fcr unsere Autonomie.<\/p>\n<p>Als Kommentator einer Wirtschaftszeitung sollte man sp\u00e4testens hier, schon aus rein \u00f6konomischen Gr\u00fcnden, zum Schluss kommen, dass dieses andauernde Erkl\u00e4ren ein immenser Ressourcenverlust ist. 500.000 S\u00fcdtirolerinnen m\u00fcssen einem 60-Millionen-Staatsvolk andauernd ihre Situation erkl\u00e4ren. Marketingm\u00e4\u00dfig ein David-gegen-Goliath-Spiel, zudem Ressourcen, die wir wesentlich produktiver in die Zukunft unseres Landes investieren k\u00f6nnten. Und hier denken wir noch gar nicht daran, was passiert, wenn pl\u00f6tzlich die Kr\u00e4fte und die Motivation zum andauernden Erkl\u00e4ren nachlassen, die Sehnsucht nach nationalstaatlicher Normalit\u00e4t \u00fcberhand nimmt und den Weg Richtung normale Provinz weist. Ein Aspekt, der hier nicht unerw\u00e4hnt bleiben soll ist die vielfach gescheiterte Au\u00dfendarstellung von S\u00fcdtirols Unternehmen, wenn sie auf dem italienischen oder internationalen Markt t\u00e4tig sind. Da fehlt vielfach sogar der Mut, einen historischen Ortsnamen zu verwenden oder sonst einen klaren S\u00fcdtirolbezug herzustellen \u2014 also wo erkl\u00e4ren die Stammleser der SWZ S\u00fcdtirol? Wo wirbt die SWZ bei ihren Stammleserinnen f\u00fcr eine Au\u00dfendarstellung, die zum besseren Verst\u00e4ndnis unserer Sondersituation beitr\u00e4gt?<\/p>\n<p>Abgesehen von diesen Aspekten m\u00f6chte ich abschlie\u00dfend ein Zitat des Aufkl\u00e4rers, Philosophen und Schriftstellers Johann Gottfried von Herder anbringen:<\/p>\n<blockquote><p>Heimat ist dort, wo ich mich nicht erkl\u00e4ren muss.<\/p><\/blockquote>\n<p>In diesem Sinne kann ein Nationalstaat, wo ich zum andauernden Erkl\u00e4ren verdammt bin, nie der richtige Rahmen f\u00fcr eine mehrsprachige Region oder einer von der Titularnation abweichenden sprachlichen\/kulturellen Realit\u00e4t sein. Vielleicht sollten wir Rom vor allem diesen Aspekt erkl\u00e4ren, aber soweit reicht die Analyse der SWZ (momentan noch) nicht.<\/p>\n<p><strong><span style=\"font-family: Helvetica, Arial, sans-serif; text-transform: uppercase;\">C\u00ebla enghe:<\/span><\/strong> <a title=\"Processo som(m)ar(i)o all\u2019autonomia.\" href=\"http:\/\/www.brennerbasisdemokratie.eu\/?p=18075\"><code>01<\/code><\/a> <span style=\"font-family: Helvetica, Arial, sans-serif; font-weight: normal;\">||<\/span> <a title=\"Landesbezeichnung, \u00bbfigurative\u00ab Politik.\" href=\"http:\/\/www.brennerbasisdemokratie.eu\/?p=51795\"><span style=\"color: #ff8c00\"><code>01<\/code><\/span><\/a> <a title=\"Open to Strafalcioni.\" href=\"https:\/\/www.brennerbasisdemokratie.eu\/?p=78217\" rel=\"\"><span style=\"color: #ff8c00\"><code>02<\/code><\/span><\/a> <a title=\"Der Landeshauptmann will S\u00fcdtirol erkl\u00e4ren. Schon wieder.\" href=\"https:\/\/www.brennerbasisdemokratie.eu\/?p=92190\"><span style=\"color: #ff8c00\"><code>03<\/code><\/span><\/a><\/p>","protected":false},"excerpt":{"rendered":"<p>Christian Pfeifer analysiert in der S\u00fcdtiroler Wirtschaftszeitung (SWZ) vom 17.01.2014 in einem Kommentar die Sendung Porta a Porta mit dem Moderator Bruno Vespa und dem zugeschalteten Gast aus S\u00fcdtirol, Arno Kompatscher. Dabei kommt er zu einigen kuriosen R\u00fcckschl\u00fcssen: Das Argument, dass S\u00fcdtirol aus Gr\u00fcnden des Minderheitenschutzes eine gut ausgestattete Autonomie zusteht, zieht bald 100 Jahre [&hellip;]<\/p>","protected":false},"author":9,"featured_media":0,"comment_status":"open","ping_status":"open","sticky":false,"template":"","format":"standard","meta":{"_crdt_document":"","ngg_post_thumbnail":0,"_jetpack_memberships_contains_paid_content":false,"footnotes":""},"categories":[1],"tags":[],"class_list":["post-18112","post","type-post","status-publish","format-standard","hentry","category-allgemein","issue-medienkritik","issue-zitac","location-italy","location-sudtirolo","language-deutsch","medium-rai","medium-swz","person-arno-kompatscher","person-christian-pfeifer","topic-aussendarstellung","topic-medien","topic-minderheitenschutz","topic-plurilinguism","topic-politik","topic-vorzeigeautonomie","topic-wirtschaft","topic-zentralismus"],"jetpack_featured_media_url":"","jetpack_sharing_enabled":true,"_links":{"self":[{"href":"https:\/\/www.brennerbasisdemokratie.eu\/index.php?rest_route=\/wp\/v2\/posts\/18112","targetHints":{"allow":["GET"]}}],"collection":[{"href":"https:\/\/www.brennerbasisdemokratie.eu\/index.php?rest_route=\/wp\/v2\/posts"}],"about":[{"href":"https:\/\/www.brennerbasisdemokratie.eu\/index.php?rest_route=\/wp\/v2\/types\/post"}],"author":[{"embeddable":true,"href":"https:\/\/www.brennerbasisdemokratie.eu\/index.php?rest_route=\/wp\/v2\/users\/9"}],"replies":[{"embeddable":true,"href":"https:\/\/www.brennerbasisdemokratie.eu\/index.php?rest_route=%2Fwp%2Fv2%2Fcomments&post=18112"}],"version-history":[{"count":9,"href":"https:\/\/www.brennerbasisdemokratie.eu\/index.php?rest_route=\/wp\/v2\/posts\/18112\/revisions"}],"predecessor-version":[{"id":92929,"href":"https:\/\/www.brennerbasisdemokratie.eu\/index.php?rest_route=\/wp\/v2\/posts\/18112\/revisions\/92929"}],"wp:attachment":[{"href":"https:\/\/www.brennerbasisdemokratie.eu\/index.php?rest_route=%2Fwp%2Fv2%2Fmedia&parent=18112"}],"wp:term":[{"taxonomy":"category","embeddable":true,"href":"https:\/\/www.brennerbasisdemokratie.eu\/index.php?rest_route=%2Fwp%2Fv2%2Fcategories&post=18112"},{"taxonomy":"post_tag","embeddable":true,"href":"https:\/\/www.brennerbasisdemokratie.eu\/index.php?rest_route=%2Fwp%2Fv2%2Ftags&post=18112"}],"curies":[{"name":"wp","href":"https:\/\/api.w.org\/{rel}","templated":true}]}}