{"id":18146,"date":"2014-01-23T11:31:18","date_gmt":"2014-01-23T10:31:18","guid":{"rendered":"http:\/\/www.brennerbasisdemokratie.eu\/?p=18146"},"modified":"2020-01-19T06:21:55","modified_gmt":"2020-01-19T05:21:55","slug":"eu-reformen","status":"publish","type":"post","link":"https:\/\/www.brennerbasisdemokratie.eu\/?p=18146","title":{"rendered":"EU-Reformen."},"content":{"rendered":"<blockquote><p><strong>Wie muss sich die EU ver\u00e4ndern, um das (Anm. Reform der EU) zu schaffen?<\/strong><\/p>\n<p><em>Die EU muss sich in G\u00e4nze ver\u00e4ndern. Es gibt drei Herausforderungen f\u00fcr das europ\u00e4ische Projekt, die wir Europapolitiker angehen m\u00fcssen. Die erste ist die Angst der Menschen, dass ihre nationalen Identit\u00e4t durch Europa substituiert wird. Wir m\u00fcssen den Leuten sagen: Keiner will euch eure nationale Identit\u00e4t wegnehmen. Als junger Bursche habe ich auch gedacht, wir machen hier die Vereinigten Staaten von Europa. Aber nach 20 Jahren im Europ\u00e4ischen Parlament wei\u00df ich, dass die Nationalstaaten bleiben. Und dass es gut so ist.<br \/>\n<\/em><\/p>\n<p><strong>Und die zweite Herausforderung?<\/strong><\/p>\n<p><em>Wir m\u00fcssen dar\u00fcber nachdenken, was national, regional und lokal besser gemacht werden kann als in Br\u00fcssel. Es w\u00e4re eine meiner ersten Amtshandlungen als Kommissionspr\u00e4sident, den Leuten in der Kommission zu sagen: Denkt nicht dar\u00fcber nach, ob es noch irgendeine Ecke gibt, in die wir uns noch nicht eingemischt haben. Sondern denkt in die andere Richtung. Das Problem ist, dass derzeit in der Kommission, \u00fcberspitzt gesagt, zwei Denkschulen sitzen. Die einen geben nicht eher Ruhe, bis sie auch den letzten kommunalen Friedhof privatisiert haben. Und die anderen h\u00f6ren nicht eher auf, bevor sie nicht einheitliche Beerdigungsordnung in Europa haben. Das macht die Leute verr\u00fcckt, damit muss Schluss sein.<\/em><\/p><\/blockquote>\n<p><em>Martin Schulz (SPD), Kandidat als Kommissionspr\u00e4sident im <abbr title=\"S\u00fcddeutsche Zeitung\">SZ<\/abbr>-Interview am 20.1.14<\/em><\/p>\n<p>Angesichts der globalen Herausforderungen ist es schon erstaunlich, wie selbst ein so selbstbewusster Kandidat den R\u00fcckw\u00e4rtsgang vor den nationalen Regierungen einlegt. Ich hoffe nur, das ist Teil des Wahlgepl\u00e4nkels um eine breite Unterst\u00fctzung zu erlangen. Die Nationalstaaten haben in der Krise sehr gut bewiesen, dass sie zu klein f\u00fcr die Herausforderungen in der heutigen Zeit sind. Die EU sollte mehr Mut beweisen und entscheidende Schritte in Richtung mehr Demokratie und eine noch st\u00e4rkere Integration bei Ber\u00fccksichtigung der regionalen Interessen forcieren. Ansonsten sind wir in wenigen Jahrzehnten komplett bedeutungslos und verarmt. Martin Schulz h\u00e4tte ich das zugetraut.<\/p>","protected":false},"excerpt":{"rendered":"<p>Wie muss sich die EU ver\u00e4ndern, um das (Anm. Reform der EU) zu schaffen? Die EU muss sich in G\u00e4nze ver\u00e4ndern. Es gibt drei Herausforderungen f\u00fcr das europ\u00e4ische Projekt, die wir Europapolitiker angehen m\u00fcssen. Die erste ist die Angst der Menschen, dass ihre nationalen Identit\u00e4t durch Europa substituiert wird. Wir m\u00fcssen den Leuten sagen: Keiner [&hellip;]<\/p>","protected":false},"author":11,"featured_media":0,"comment_status":"open","ping_status":"open","sticky":false,"template":"","format":"standard","meta":{"_crdt_document":"","ngg_post_thumbnail":0,"_jetpack_memberships_contains_paid_content":false,"footnotes":""},"categories":[1],"tags":[],"class_list":["post-18146","post","type-post","status-publish","format-standard","hentry","category-allgemein","entity-eu","entity-spd","issue-zitac","language-deutsch","medium-sz","person-martin-schulz","topic-medien","topic-nationalismus","topic-politik"],"jetpack_featured_media_url":"","jetpack_sharing_enabled":true,"_links":{"self":[{"href":"https:\/\/www.brennerbasisdemokratie.eu\/index.php?rest_route=\/wp\/v2\/posts\/18146","targetHints":{"allow":["GET"]}}],"collection":[{"href":"https:\/\/www.brennerbasisdemokratie.eu\/index.php?rest_route=\/wp\/v2\/posts"}],"about":[{"href":"https:\/\/www.brennerbasisdemokratie.eu\/index.php?rest_route=\/wp\/v2\/types\/post"}],"author":[{"embeddable":true,"href":"https:\/\/www.brennerbasisdemokratie.eu\/index.php?rest_route=\/wp\/v2\/users\/11"}],"replies":[{"embeddable":true,"href":"https:\/\/www.brennerbasisdemokratie.eu\/index.php?rest_route=%2Fwp%2Fv2%2Fcomments&post=18146"}],"version-history":[{"count":9,"href":"https:\/\/www.brennerbasisdemokratie.eu\/index.php?rest_route=\/wp\/v2\/posts\/18146\/revisions"}],"predecessor-version":[{"id":54213,"href":"https:\/\/www.brennerbasisdemokratie.eu\/index.php?rest_route=\/wp\/v2\/posts\/18146\/revisions\/54213"}],"wp:attachment":[{"href":"https:\/\/www.brennerbasisdemokratie.eu\/index.php?rest_route=%2Fwp%2Fv2%2Fmedia&parent=18146"}],"wp:term":[{"taxonomy":"category","embeddable":true,"href":"https:\/\/www.brennerbasisdemokratie.eu\/index.php?rest_route=%2Fwp%2Fv2%2Fcategories&post=18146"},{"taxonomy":"post_tag","embeddable":true,"href":"https:\/\/www.brennerbasisdemokratie.eu\/index.php?rest_route=%2Fwp%2Fv2%2Ftags&post=18146"}],"curies":[{"name":"wp","href":"https:\/\/api.w.org\/{rel}","templated":true}]}}