{"id":18166,"date":"2014-01-27T21:16:08","date_gmt":"2014-01-27T20:16:08","guid":{"rendered":"http:\/\/www.brennerbasisdemokratie.eu\/?p=18166"},"modified":"2023-04-20T23:36:05","modified_gmt":"2023-04-20T21:36:05","slug":"im-stillen-kaemmerlein","status":"publish","type":"post","link":"https:\/\/www.brennerbasisdemokratie.eu\/?p=18166","title":{"rendered":"Im stillen K\u00e4mmerlein."},"content":{"rendered":"<p>Bozen ist jenes beschauliche St\u00e4dtchen, das <a title=\"Spagnolli, i tempi sono stramaturi!\" href=\"http:\/\/www.brennerbasisdemokratie.eu\/?p=16893\">laut seinem linken B\u00fcrgermeister<\/a> nicht bereit ist, faschistisch konnotierte Stra\u00dfennamen abzuschaffen. Das \u00fcberl\u00e4sst man lieber <a title=\"Josef Eduard Ploner ade.\" href=\"http:\/\/www.brennerbasisdemokratie.eu\/?p=16959\">kleineren Ortschaften<\/a> im Lande und widmet sich selbst der <a title=\"Nuovo monumento \u00abfascista\u00bb.\" href=\"http:\/\/www.brennerbasisdemokratie.eu\/?p=17536\">Errichtung neuer faschistischer Kultorte.<\/a> Dass Bozen ein Problem mit der Vergangenheitsbew\u00e4ltigung hat, ist so weit nichts Neues, einmal mehr treibt diese anachronistische Besonderheit jedoch skurrile Bl\u00fcten: Mit einem Dokumentationszentrum unter dem <a title=\"Landtag verurteilt Umgang mit Siegesdenkmal.\" href=\"http:\/\/www.brennerbasisdemokratie.eu\/?p=3869\">aufw\u00e4ndig sanierten faschistischen Siegesdenkmal<\/a> wollte die Landeshauptstadt endlich den gro\u00dfen Befreiungsschlag wagen. Doch wie dem heutigen Tagblatt <em>Dolomiten<\/em> zu entnehmen ist, will die zust\u00e4ndige Stadtr\u00e4tin Patrizia Trincanato <em>(Gr\u00fcne)<\/em> Politiker- und Mitb\u00fcrgerinnen eine offene Diskussion nicht zumuten. Das Projekt sei einer Expertinnenkommission anvertraut worden, der Inhalt der Ausstellung sei ihr selbst nicht bekannt: <strong>\u00bbWir wissen genau, dass wir das Projekt sonst nie zu Ende gef\u00fchrt h\u00e4tten\u00ab<\/strong>, fasst sie die Unf\u00e4higkeit ihrer Stadt zur kollektiven geschichtlichen Aufarbeitung haarstr\u00e4ubend pr\u00e4zise zusammen. Sie selbst habe den Keller (die sogenannte Krypta), wo die Ausstellung entsteht, noch nie besucht und die Er\u00f6ffnung werde wohl f\u00fcr alle \u00bbeine \u00dcberraschung\u00ab sein. So bleibt die Geschichte im stillen K\u00e4mmerlein, w\u00e4hrend die \u00d6ffentlichkeit weiterhin nur mit faschistischer Symbolik konfrontiert wird.<\/p>\n<p><strong><span style=\"font-family: Helvetica, Arial, sans-serif; text-transform: uppercase;\">C\u00ebla enghe:<\/span><\/strong> <a title=\"\u00bbIm Schlamassel der Erinnerung.\u00ab\" href=\"http:\/\/www.brennerbasisdemokratie.eu\/?p=9622\"><code>01<\/code><\/a> <a title=\"Eine neue Erinnerungskultur.\" href=\"http:\/\/www.brennerbasisdemokratie.eu\/?p=6989\"><code>02<\/code><\/a> <a title=\"Unkritische Denkmalpflege.\" href=\"http:\/\/www.brennerbasisdemokratie.eu\/?p=3830\"><code>03<\/code><\/a> <a title=\"Offener Brief: Giorno del Ricordo.\" href=\"http:\/\/www.brennerbasisdemokratie.eu\/?p=10232\"><code>04<\/code><\/a> <a title=\"Testis Relikte.\" href=\"http:\/\/www.brennerbasisdemokratie.eu\/?p=10685\"><code>05<\/code><\/a> <a title=\"Presa in giro\u2026 di rilievo.\" href=\"http:\/\/www.brennerbasisdemokratie.eu\/?p=8201\"><code>06<\/code><\/a> <a title=\"Interpretieren verboten.\" href=\"http:\/\/www.brennerbasisdemokratie.eu\/?p=7773\"><code>07<\/code><\/a>\u00a0<span style=\"font-family: Helvetica, Arial, sans-serif; font-weight: normal;\">||<\/span> <a title=\"Tag der Aufarbeitung.\" href=\"https:\/\/www.brennerbasisdemokratie.eu\/?p=19936\"><span style=\"color: #ff8c00\"><code>01<\/code><\/span><\/a> <a title=\"Siegesdenkmal: Ein bisschen Selbstbetrug?\" href=\"https:\/\/www.brennerbasisdemokratie.eu\/?p=35938\"><span style=\"color: #ff8c00\"><code>02<\/code><\/span><\/a> <a title=\"Bern: Ein Wandbild als Vorbild.\" href=\"https:\/\/www.brennerbasisdemokratie.eu\/?p=77912\"><span style=\"color: #ff8c00\"><code>03<\/code><\/span><\/a><\/p>","protected":false},"excerpt":{"rendered":"<p>Bozen ist jenes beschauliche St\u00e4dtchen, das laut seinem linken B\u00fcrgermeister nicht bereit ist, faschistisch konnotierte Stra\u00dfennamen abzuschaffen. Das \u00fcberl\u00e4sst man lieber kleineren Ortschaften im Lande und widmet sich selbst der Errichtung neuer faschistischer Kultorte. Dass Bozen ein Problem mit der Vergangenheitsbew\u00e4ltigung hat, ist so weit nichts Neues, einmal mehr treibt diese anachronistische Besonderheit jedoch skurrile [&hellip;]<\/p>","protected":false},"author":1,"featured_media":0,"comment_status":"open","ping_status":"open","sticky":false,"template":"","format":"standard","meta":{"_crdt_document":"","ngg_post_thumbnail":0,"_jetpack_memberships_contains_paid_content":false,"footnotes":""},"categories":[1],"tags":[],"class_list":["post-18166","post","type-post","status-publish","format-standard","hentry","category-allgemein","entity-pd","entity-verc","issue-faschistische-relikte","issue-geschichtsaufarbeitung","location-sudtirolo","language-deutsch","medium-dolo","person-luigi-spagnolli","topic-arch","topic-kunstcultura","topic-faschismen","topic-geschichte","topic-medien"],"jetpack_featured_media_url":"","jetpack_sharing_enabled":true,"_links":{"self":[{"href":"https:\/\/www.brennerbasisdemokratie.eu\/index.php?rest_route=\/wp\/v2\/posts\/18166","targetHints":{"allow":["GET"]}}],"collection":[{"href":"https:\/\/www.brennerbasisdemokratie.eu\/index.php?rest_route=\/wp\/v2\/posts"}],"about":[{"href":"https:\/\/www.brennerbasisdemokratie.eu\/index.php?rest_route=\/wp\/v2\/types\/post"}],"author":[{"embeddable":true,"href":"https:\/\/www.brennerbasisdemokratie.eu\/index.php?rest_route=\/wp\/v2\/users\/1"}],"replies":[{"embeddable":true,"href":"https:\/\/www.brennerbasisdemokratie.eu\/index.php?rest_route=%2Fwp%2Fv2%2Fcomments&post=18166"}],"version-history":[{"count":11,"href":"https:\/\/www.brennerbasisdemokratie.eu\/index.php?rest_route=\/wp\/v2\/posts\/18166\/revisions"}],"predecessor-version":[{"id":77925,"href":"https:\/\/www.brennerbasisdemokratie.eu\/index.php?rest_route=\/wp\/v2\/posts\/18166\/revisions\/77925"}],"wp:attachment":[{"href":"https:\/\/www.brennerbasisdemokratie.eu\/index.php?rest_route=%2Fwp%2Fv2%2Fmedia&parent=18166"}],"wp:term":[{"taxonomy":"category","embeddable":true,"href":"https:\/\/www.brennerbasisdemokratie.eu\/index.php?rest_route=%2Fwp%2Fv2%2Fcategories&post=18166"},{"taxonomy":"post_tag","embeddable":true,"href":"https:\/\/www.brennerbasisdemokratie.eu\/index.php?rest_route=%2Fwp%2Fv2%2Ftags&post=18166"}],"curies":[{"name":"wp","href":"https:\/\/api.w.org\/{rel}","templated":true}]}}