{"id":18316,"date":"2014-02-15T12:39:18","date_gmt":"2014-02-15T11:39:18","guid":{"rendered":"http:\/\/www.brennerbasisdemokratie.eu\/?p=18316"},"modified":"2025-10-28T11:40:50","modified_gmt":"2025-10-28T10:40:50","slug":"sport-solita-presa-in-ostaggio","status":"publish","type":"post","link":"https:\/\/www.brennerbasisdemokratie.eu\/?p=18316","title":{"rendered":"Sport, solita presa in ostaggio."},"content":{"rendered":"<p>Puntuale come un orologio (svizzero) in occasione di eventi internazionali che vedano la partecipazione di atleti sudtirolesi parte la loro presa in ostaggio in senso nazionale e nazionalista: pur rappresentando oltre il 40% della squadra olimpica (\u00abnazionale\u00bb!), lo spirito accentratore e assimilatore la fa da padrona \u2014 italiani come tutti gli altri, senza possibilit\u00e0 di scelta o sfumature. Solo i nomi e i cognomi, se tedeschi (ma molto meno se ladini o italiani) rendono intuibile la reale pluralit\u00e0, del resto ben nascosta dalle uniformi, le tute e le bandiere. Ma d&#8217;altro canto un nome un po\u2019 diverso d\u00e0 anche adito al dubbio e, dunque, a maggior ragione necessita di <a title=\"Italianissimi malgrado.\" href=\"http:\/\/www.brennerbasisdemokratie.eu\/?p=18201\" rel=\"noopener\">una dimostrazione di italianit\u00e0<\/a>.<\/p>\n<p>Imparata la lezione di Torino, quando Plankensteiner e Haselrieder furono esposti alla gogna mediatica per non saper cantare l&#8217;inno italiano, la presa in ostaggio continua con toni pi\u00f9 o meno pacati, ma non meno rivelatori. Lo sfott\u00f2 di Fiorello indirizzato ad Armin Z\u00f6ggeler per via del suo nome, seguito a ruota da un quotidiano liberale e di sinistra come <em>la Repubblica<\/em>, che ai sudtirolesi concede un \u00abja\u00bb ed i cognomi con \u00able acca e le zeta\u00bb, ma solo perch\u00e9 in cambio <a title=\"Repubblica: Ja, sono italiani.\" href=\"http:\/\/www.repubblica.it\/rubriche\/tempo-olimpico\/2014\/02\/09\/news\/innerhofer_zoeggeler-78146444\/\" target=\"_blank\" rel=\"noopener noreferrer\">\u00abja, sono italiani\u00bb.<\/a><\/p>\n<p>E nel frattempo il <em>Landtag<\/em> sudtirolese boccia la proposta di concedere agli atleti della nostra terra almeno la possibilit\u00e0 di optare \u2014 liberamente, e quindi senza sostituire una presa in ostaggio con un&#8217;altra \u2014 per il servizio provinciale, invece di essere costretti a militare nei gruppi dell&#8217;esercito, della Finanza o dei <em>Carabinieri.<\/em> Per tutta risposta il consigliere Alessandro Urz\u00ec in modo <em>liberale<\/em> e <em>democratico<\/em> minaccia, addirittura, di presentare un esposto alla magistratura per vilipendio.<\/p>\n<p>Tutto questo mentre in varie realt\u00e0 d&#8217;Europa le squadre territoriali sono ormai consolidate: la Scozia e il Galles partecipano alle competizioni calcistiche o di rugby con i propri colori, le isole Faroer e la Groenlandia sono <em>sportivamente<\/em>&nbsp;(quasi) indipendenti dalla Danimarca, e la Catalogna gareggia con proprie squadre in molti sport considerati minori, spesso anche contro la volont\u00e0 di Madrid.<\/p>\n<p><strong><span style=\"font-family: Helvetica, Arial, sans-serif; text-transform: uppercase;\">C\u00ebla enghe:<\/span> <\/strong><a title=\"Sportler in den Landesdienst.\" href=\"http:\/\/www.brennerbasisdemokratie.eu\/?p=1531\"><code>01<\/code><\/a> <a title=\"Na dann mal los!?\" href=\"http:\/\/www.brennerbasisdemokratie.eu\/?p=1312\"><code>02<\/code><\/a> <a title=\"Call for team (II) \u2013 die Offenbarung.\" href=\"http:\/\/www.brennerbasisdemokratie.eu\/?p=667\"><code>03<\/code><\/a> <a title=\"\u00bbSport ist nicht Politik.\u00ab Oder doch?\" href=\"http:\/\/www.brennerbasisdemokratie.eu\/?p=8627\"><code>04<\/code><\/a> <a title=\"Die Trennung von Politik und Sport.\" href=\"http:\/\/www.brennerbasisdemokratie.eu\/?p=1264\"><code>05<\/code><\/a> <a title=\"Zweifaches Kontrastprogramm.\" href=\"http:\/\/www.brennerbasisdemokratie.eu\/?p=12329\" rel=\"\"><code>06<\/code><\/a> <span style=\"font-family: Helvetica, Arial, sans-serif; font-weight: normal;\">|<\/span> <a title=\"FM4: Sport als Kriegsersatz.\" href=\"http:\/\/fm4.orf.at\/stories\/1733385\/\" target=\"_blank\" rel=\"noopener noreferrer\"><code>07<\/code><\/a> <span style=\"font-family: Helvetica, Arial, sans-serif; font-weight: normal;\">||<\/span> <a title=\"Nationalschikanierter Domme.\" href=\"http:\/\/www.brennerbasisdemokratie.eu\/?p=45857\"><span style=\"color: #ff8c00\"><code>01<\/code><\/span><\/a> <a title=\"Der Italiener Z\u00f6ggeler.\" href=\"http:\/\/www.brennerbasisdemokratie.eu\/?p=44757\"><span style=\"color: #ff8c00\"><code>02<\/code><\/span><\/a> <a title=\"La Coppa Davis e \u00abl\u2019adoption du colonis\u00e9\u00bb.\" href=\"https:\/\/www.brennerbasisdemokratie.eu\/?p=82234\"><span style=\"color: #ff8c00\"><code>03<\/code><\/span><\/a> <a title=\"Sinner und die kolonialistischen Konsumentensch\u00fctzerinnen.\" href=\"https:\/\/www.brennerbasisdemokratie.eu\/?p=95667\"><span style=\"color: #ff8c00\"><code>04<\/code><\/span><\/a><\/p>","protected":false},"excerpt":{"rendered":"<p>Puntuale come un orologio (svizzero) in occasione di eventi internazionali che vedano la partecipazione di atleti sudtirolesi parte la loro presa in ostaggio in senso nazionale e nazionalista: pur rappresentando oltre il 40% della squadra olimpica (\u00abnazionale\u00bb!), lo spirito accentratore e assimilatore la fa da padrona \u2014 italiani come tutti gli altri, senza possibilit\u00e0 di [&hellip;]<\/p>","protected":false},"author":1,"featured_media":0,"comment_status":"open","ping_status":"open","sticky":false,"template":"","format":"standard","meta":{"_crdt_document":"","ngg_post_thumbnail":0,"_jetpack_memberships_contains_paid_content":false,"footnotes":""},"categories":[1],"tags":[],"class_list":["post-18316","post","type-post","status-publish","format-standard","hentry","category-allgemein","entity-carabinieri","entity-sudtiroler-landtag","issue-banalnationalism","issue-italianizzazione","location-catalunya","location-cymru","location-faroer","location-kalaallit-nunaat","location-schottland","location-sudtirolo","language-italiano","medium-la-repubblica","person-alessandro-urzi","topic-colonialismi","topic-kohasion","topic-medien","topic-nationalismus","topic-politik","topic-sport","topic-symbolik","topic-zentralismus"],"jetpack_featured_media_url":"","jetpack_sharing_enabled":true,"_links":{"self":[{"href":"https:\/\/www.brennerbasisdemokratie.eu\/index.php?rest_route=\/wp\/v2\/posts\/18316","targetHints":{"allow":["GET"]}}],"collection":[{"href":"https:\/\/www.brennerbasisdemokratie.eu\/index.php?rest_route=\/wp\/v2\/posts"}],"about":[{"href":"https:\/\/www.brennerbasisdemokratie.eu\/index.php?rest_route=\/wp\/v2\/types\/post"}],"author":[{"embeddable":true,"href":"https:\/\/www.brennerbasisdemokratie.eu\/index.php?rest_route=\/wp\/v2\/users\/1"}],"replies":[{"embeddable":true,"href":"https:\/\/www.brennerbasisdemokratie.eu\/index.php?rest_route=%2Fwp%2Fv2%2Fcomments&post=18316"}],"version-history":[{"count":21,"href":"https:\/\/www.brennerbasisdemokratie.eu\/index.php?rest_route=\/wp\/v2\/posts\/18316\/revisions"}],"predecessor-version":[{"id":95674,"href":"https:\/\/www.brennerbasisdemokratie.eu\/index.php?rest_route=\/wp\/v2\/posts\/18316\/revisions\/95674"}],"wp:attachment":[{"href":"https:\/\/www.brennerbasisdemokratie.eu\/index.php?rest_route=%2Fwp%2Fv2%2Fmedia&parent=18316"}],"wp:term":[{"taxonomy":"category","embeddable":true,"href":"https:\/\/www.brennerbasisdemokratie.eu\/index.php?rest_route=%2Fwp%2Fv2%2Fcategories&post=18316"},{"taxonomy":"post_tag","embeddable":true,"href":"https:\/\/www.brennerbasisdemokratie.eu\/index.php?rest_route=%2Fwp%2Fv2%2Ftags&post=18316"}],"curies":[{"name":"wp","href":"https:\/\/api.w.org\/{rel}","templated":true}]}}