{"id":18740,"date":"2014-04-06T08:35:09","date_gmt":"2014-04-06T06:35:09","guid":{"rendered":"http:\/\/www.brennerbasisdemokratie.eu\/?p=18740"},"modified":"2023-01-05T21:19:54","modified_gmt":"2023-01-05T20:19:54","slug":"sprachlose-kaufgewohnheiten","status":"publish","type":"post","link":"https:\/\/www.brennerbasisdemokratie.eu\/?p=18740","title":{"rendered":"Sprachlose Kaufgewohnheiten."},"content":{"rendered":"<p>Wie wir regelm\u00e4\u00dfig feststellen, sind Erhebungen zu Sprachkenntnissen und Sprachgebrauch in S\u00fcdtirol Mangelware: So gibt es <a title=\"Andrea Abel zur L2-Entwicklung.\" href=\"http:\/\/www.brennerbasisdemokratie.eu\/?p=16744\">kaum belastbare Daten<\/a>, die die Entwicklung der (Zweit-)Sprachkenntnisse im historischen Vergleich darstellen. Ein umfassendes <a title=\"S\u00fcdtiroler Sprachlandschaft.\" href=\"http:\/\/www.brennerbasisdemokratie.eu\/?p=7611\">Sprachbarometer<\/a> wurde zuletzt im Jahr 2004 ver\u00f6ffentlicht \u2014 offenbar befindet sich nun eine zweite Ausgabe in Vorbereitung, im Abstand eines ganzen Jahrzehnts. Selbst dort sind jedoch wesentliche Daten so aufbereitet, dass sie wichtige Fakten verschleiern.<\/p>\n<p>In einem mehrsprachigen Land wie S\u00fcdtirol, wo Forderungen nach besserer Sprachvermittlung zum politischen Alltag geh\u00f6ren, erstaunt diese Vernachl\u00e4ssigung systematischer Erhebungen. Auch Politiker mit \u00bbinterethnischem\u00ab Anspruch erheben bislang kaum Forderungen, den <em>Status Quo<\/em> besser zu erforschen.<\/p>\n<p>Vor wenigen Tagen ver\u00f6ffentlichte das Statistikinstitut des Landes die Daten \u00fcber die Kaufgewohnheiten der S\u00fcdtiroler. Dabei sollten die Befragten auch Gr\u00fcnde angeben, warum sie gegebenenfalls au\u00dferlandes einkaufen. Gew\u00e4hlt werden konnte aber nur zwischen vier vorgefertigten Kategorien: Preis, Auswahl, Service und Qualit\u00e4t. Einmal mehr wurde der Faktor Sprache vernachl\u00e4ssigt, obwohl es doch gerade in einem Land wie unserem wichtig w\u00e4re, in Erfahrung zu bringen, inwieweit die Menschen mit Vorliebe in \u00d6sterreich einkaufen, weil<\/p>\n<ul>\n<li>sie zuhause h\u00e4ufig nicht in ihrer Sprache beraten werden;<\/li>\n<li>zum Lieferumfang vieler Produkte kein Handbuch in deutscher Sprache geh\u00f6rt;<\/li>\n<li>hier erworbene IT-Produkte oft nicht mit deutscher Software (z.B. HTC, Brother) oder Tastatur (Laptops&#8230;) erh\u00e4ltlich sind.<\/li>\n<\/ul>\n<p>Meiner Erfahrung (aus dem pers\u00f6nlichen Umfeld) nach ist dies bei Eink\u00e4ufen im deutschsprachigen Ausland zumindest ein Teilfaktor, und zwar meist keineswegs aus ideologischen, sondern aus handfesten praktischen Gr\u00fcnden. Diesbez\u00fcgliche statistische Erkenntnisse sollten in einer mehrsprachigen Realit\u00e4t eigentlich selbstverst\u00e4ndlich sein. Kaufleuten w\u00fcrden sie gestatten, Kundenw\u00fcnsche besser zu verstehen und Nachbesserungen vorzunehmen.<\/p>\n<p>Es kann nat\u00fcrlich sein, dass viele der Befragten \u00bbSprache\u00ab unter \u00bbService\u00ab subsumieren, doch das werden wir leider nie wissen. Zudem gilt es, auf eine zweite Schw\u00e4che der Erhebung hinzuweisen: Mehrfachnennungen waren nicht m\u00f6glich, als Grund f\u00fcr den Einkauf jenseits der Landesgrenzen konnte also nur der Preis <u>oder<\/u> die Auswahl <u>oder<\/u> die Qualit\u00e4t <u>oder<\/u> der Service genannt werden. Dabei ist realistisch, dass eine Mischung mehrerer Gr\u00fcnde (etwa Preis <u>und<\/u> Qualit\u00e4t bzw. Auswahl <u>und<\/u> Beratungssprache) f\u00fcr einen Einkauf au\u00dferlandes ausschlaggebend ist.<\/p>\n<p>Dem <em>Astat<\/em> habe ich diese \u00dcberlegungen zukommen lassen, doch der Antwort entnehme ich, dass man an der bisherigen Erhebungsart (vorerst) festhalten will. Daten zur Sprache bleiben in S\u00fcdtirol also auch in Zukunft Mangelware.<\/p>","protected":false},"excerpt":{"rendered":"<p>Wie wir regelm\u00e4\u00dfig feststellen, sind Erhebungen zu Sprachkenntnissen und Sprachgebrauch in S\u00fcdtirol Mangelware: So gibt es kaum belastbare Daten, die die Entwicklung der (Zweit-)Sprachkenntnisse im historischen Vergleich darstellen. Ein umfassendes Sprachbarometer wurde zuletzt im Jahr 2004 ver\u00f6ffentlicht \u2014 offenbar befindet sich nun eine zweite Ausgabe in Vorbereitung, im Abstand eines ganzen Jahrzehnts. Selbst dort sind [&hellip;]<\/p>","protected":false},"author":1,"featured_media":0,"comment_status":"open","ping_status":"open","sticky":false,"template":"","format":"standard","meta":{"_crdt_document":"","ngg_post_thumbnail":0,"_jetpack_memberships_contains_paid_content":false,"footnotes":""},"categories":[1],"tags":[],"class_list":["post-18740","post","type-post","status-publish","format-standard","hentry","category-allgemein","entity-astat","location-sudtirolo","language-deutsch","topic-plurilinguism","topic-politik","topic-statistik","topic-verbraucherinnen","topic-wirtschaft"],"jetpack_featured_media_url":"","jetpack_sharing_enabled":true,"_links":{"self":[{"href":"https:\/\/www.brennerbasisdemokratie.eu\/index.php?rest_route=\/wp\/v2\/posts\/18740","targetHints":{"allow":["GET"]}}],"collection":[{"href":"https:\/\/www.brennerbasisdemokratie.eu\/index.php?rest_route=\/wp\/v2\/posts"}],"about":[{"href":"https:\/\/www.brennerbasisdemokratie.eu\/index.php?rest_route=\/wp\/v2\/types\/post"}],"author":[{"embeddable":true,"href":"https:\/\/www.brennerbasisdemokratie.eu\/index.php?rest_route=\/wp\/v2\/users\/1"}],"replies":[{"embeddable":true,"href":"https:\/\/www.brennerbasisdemokratie.eu\/index.php?rest_route=%2Fwp%2Fv2%2Fcomments&post=18740"}],"version-history":[{"count":12,"href":"https:\/\/www.brennerbasisdemokratie.eu\/index.php?rest_route=\/wp\/v2\/posts\/18740\/revisions"}],"predecessor-version":[{"id":75946,"href":"https:\/\/www.brennerbasisdemokratie.eu\/index.php?rest_route=\/wp\/v2\/posts\/18740\/revisions\/75946"}],"wp:attachment":[{"href":"https:\/\/www.brennerbasisdemokratie.eu\/index.php?rest_route=%2Fwp%2Fv2%2Fmedia&parent=18740"}],"wp:term":[{"taxonomy":"category","embeddable":true,"href":"https:\/\/www.brennerbasisdemokratie.eu\/index.php?rest_route=%2Fwp%2Fv2%2Fcategories&post=18740"},{"taxonomy":"post_tag","embeddable":true,"href":"https:\/\/www.brennerbasisdemokratie.eu\/index.php?rest_route=%2Fwp%2Fv2%2Ftags&post=18740"}],"curies":[{"name":"wp","href":"https:\/\/api.w.org\/{rel}","templated":true}]}}