{"id":18848,"date":"2014-04-20T11:18:44","date_gmt":"2014-04-20T09:18:44","guid":{"rendered":"http:\/\/www.brennerbasisdemokratie.eu\/?p=18848"},"modified":"2023-01-14T14:05:56","modified_gmt":"2023-01-14T13:05:56","slug":"quotation-cxxx-nur-keine-sezession","status":"publish","type":"post","link":"https:\/\/www.brennerbasisdemokratie.eu\/?p=18848","title":{"rendered":"Nur keine Sezession."},"content":{"rendered":"<p>Am 12. April war Alt-Landeshauptmann Luis Durnwalder (<abbr title=\"S\u00fcdtiroler Volkspartei\">SVP<\/abbr>) bei der Jahresversammlung des BARD anwesend, einer Vereinigung, die eine Autonomie f\u00fcr die Provinz Belluno fordert. In einer vielbeachteten <a title=\"Y: Durnwalder\/BARD.\" href=\"https:\/\/www.youtube.com\/watch?v=_Nkru7lSDDM\" target=\"_blank\" rel=\"noopener noreferrer\">Rede<\/a> hat er den Nachbarn die Unterst\u00fctzung der SVP bei der Erreichung ihrer Ziele zugesagt, wenn Herbert Dorfmann bei der EU-Wahl auch dort unterst\u00fctzt wird. Gleichzeitig hat er aber offenbar vergessen, auf die Situation der Ladiner in Souramont hinzuweisen, die sich schon im Jahr 2007 f\u00fcr die Angliederung an S\u00fcdtirol ausgesprochen hatten.<\/p>\n<p>Interessant ist in Bezug auf die Ziele von <img class=\"bbdlogo\" src=\"https:\/\/www.brennerbasisdemokratie.eu\/wp-content\/uploads\/bbdsmileys\/bbde.png\"> jedoch vor allem folgende Aussage gleich am Anfang von Durnwalders Rede:<\/p>\n<blockquote><p>Allora ho pensato: \u00abChe cos\u2019\u00e8 questo BARD?\u00bb Poi sono andato a interessarmi un po\u2019, perch\u00e9 prima pensavo \u00abforse sono un po\u2019 estremisti, separatisti, un po\u2019 di destra\u2026 diciamo\u2026 che vorrebbero creare uno stato sovrano, la secessione dall\u2019Italia [\u2026]\u00bb. Quando ho visto che vogliono solo una certa autonomia, responsabilit\u00e0\u00a0, che amano il loro territorio [\u2026] e vorrebbero non solo assumere competenze, ma anche responsabilit\u00e0\u00a0, [\u2026] perch\u00e9 sanno meglio che cosa \u00e8 utile e necessario per il loro territorio, non vorrebbero fare nient\u2019altro che avere una patria, una patria [\u2026] da amministrare bene per avere un futuro per i loro figli \u2014 allora ho pensato che non vogliono altro di quel che anche noi volevamo quando siamo partiti con l\u2019idea dell\u2019autonomia.<\/p><\/blockquote>\n<p>Einmal mehr wird die v\u00f6llig absurde Gleichstellung von Separatismus mit \u00bbExtremismus\u00ab und rechtem Gedankengut deutlich. Noch \u00fcberraschender und skurriler aber ist, dass in Venetien \u2014 wo separatistische Tendenzen erstarken \u2014 gerade ein SVP-Vertreter als \u00bbGarant\u00ab der nationalen Einheit auftritt, indem er zu verstehen gibt, dass er BARD nur unterst\u00fctzt, weil es nicht die Losl\u00f6sung von Italien fordert. Dass Durnwalder aber trotzdem von Belluno als \u00bbpatria\u00ab (Vaterland) spricht, einem Begriff, der seinerseits und gerade im Italienischen eher mit rechtem Gedankengut in Verbindung gebracht werden kann, macht die Konfusion perfekt.<\/p>\n<p>Die Unabh\u00e4ngigkeit ist also nicht nur \u00bbunm\u00f6glich\u00ab, sondern vor allem nicht gewollt.<\/p>\n<p><strong><span style=\"font-family: Helvetica, Arial, sans-serif; text-transform: uppercase;\">C\u00ebla enghe:<\/span><\/strong> <a title=\"Quotation (109): Theiners \u00bbZerfall\u00ab.\" href=\"http:\/\/www.brennerbasisdemokratie.eu\/?p=17156\"><code>01<\/code><\/a> <a title=\"Der neue LH: Unm\u00f6glich.\" href=\"http:\/\/www.brennerbasisdemokratie.eu\/?p=17970\"><code>02<\/code><\/a> <a title=\"Kriegs- und Totschlagargument.\" href=\"http:\/\/www.brennerbasisdemokratie.eu\/?p=6806\"><code>03<\/code><\/a><\/p>","protected":false},"excerpt":{"rendered":"<p>Am 12. April war Alt-Landeshauptmann Luis Durnwalder (SVP) bei der Jahresversammlung des BARD anwesend, einer Vereinigung, die eine Autonomie f\u00fcr die Provinz Belluno fordert. In einer vielbeachteten Rede hat er den Nachbarn die Unterst\u00fctzung der SVP bei der Erreichung ihrer Ziele zugesagt, wenn Herbert Dorfmann bei der EU-Wahl auch dort unterst\u00fctzt wird. Gleichzeitig hat er [&hellip;]<\/p>","protected":false},"author":1,"featured_media":0,"comment_status":"open","ping_status":"open","sticky":false,"template":"","format":"standard","meta":{"_crdt_document":"","ngg_post_thumbnail":0,"_jetpack_memberships_contains_paid_content":false,"footnotes":""},"categories":[1],"tags":[],"class_list":["post-18848","post","type-post","status-publish","format-standard","hentry","category-allgemein","entity-eu","entity-svp","issue-quotation","location-ladinia","location-sudtirolo","location-venetien","language-deutsch","language-italiano","person-herbert-dorfmann","person-luis-durnwalder","topic-nationalismus","topic-politik","topic-selbstbestimmung"],"jetpack_featured_media_url":"","jetpack_sharing_enabled":true,"_links":{"self":[{"href":"https:\/\/www.brennerbasisdemokratie.eu\/index.php?rest_route=\/wp\/v2\/posts\/18848","targetHints":{"allow":["GET"]}}],"collection":[{"href":"https:\/\/www.brennerbasisdemokratie.eu\/index.php?rest_route=\/wp\/v2\/posts"}],"about":[{"href":"https:\/\/www.brennerbasisdemokratie.eu\/index.php?rest_route=\/wp\/v2\/types\/post"}],"author":[{"embeddable":true,"href":"https:\/\/www.brennerbasisdemokratie.eu\/index.php?rest_route=\/wp\/v2\/users\/1"}],"replies":[{"embeddable":true,"href":"https:\/\/www.brennerbasisdemokratie.eu\/index.php?rest_route=%2Fwp%2Fv2%2Fcomments&post=18848"}],"version-history":[{"count":12,"href":"https:\/\/www.brennerbasisdemokratie.eu\/index.php?rest_route=\/wp\/v2\/posts\/18848\/revisions"}],"predecessor-version":[{"id":76257,"href":"https:\/\/www.brennerbasisdemokratie.eu\/index.php?rest_route=\/wp\/v2\/posts\/18848\/revisions\/76257"}],"wp:attachment":[{"href":"https:\/\/www.brennerbasisdemokratie.eu\/index.php?rest_route=%2Fwp%2Fv2%2Fmedia&parent=18848"}],"wp:term":[{"taxonomy":"category","embeddable":true,"href":"https:\/\/www.brennerbasisdemokratie.eu\/index.php?rest_route=%2Fwp%2Fv2%2Fcategories&post=18848"},{"taxonomy":"post_tag","embeddable":true,"href":"https:\/\/www.brennerbasisdemokratie.eu\/index.php?rest_route=%2Fwp%2Fv2%2Ftags&post=18848"}],"curies":[{"name":"wp","href":"https:\/\/api.w.org\/{rel}","templated":true}]}}