{"id":18884,"date":"2014-04-24T08:15:33","date_gmt":"2014-04-24T06:15:33","guid":{"rendered":"http:\/\/www.brennerbasisdemokratie.eu\/?p=18884"},"modified":"2023-05-11T23:42:50","modified_gmt":"2023-05-11T21:42:50","slug":"dialog-ohne-dialog","status":"publish","type":"post","link":"https:\/\/www.brennerbasisdemokratie.eu\/?p=18884","title":{"rendered":"&#8230;und l\u00e4uft&#8230;"},"content":{"rendered":"<p>Mehrfach hatte der katalanische Pr\u00e4sident, Artur Mas, seinen zentralspanischen Kollegen, Mariano Rajoy, in Vergangenheit \u00f6ffentlich aufgefordert, einen Dialog \u00fcber die Selbstbestimmung Kataloniens zu er\u00f6ffnen. Bislang vergeblich. Gestern endlich sagte Rajoy zu, nachdem er bereits lange zugewartet hatte \u2014 allerdings mit einer aus katalanischer Sicht inakzeptablen Bedingung: Mas sollte das bereits angesetzte Unabh\u00e4ngigkeitsreferendum wieder zur\u00fccknehmen, anderenfalls werde sich die Zentralregierung nicht auf Verhandlungen mit Barcelona einlassen.<\/p>\n<p>Die Vorbereitungen sind allerdings schon zu weit fortgeschritten, als dass ein R\u00fcckzug m\u00f6glich erschiene, weshalb der katalanische Pr\u00e4sident nur wiederholte, was er bereits vor Wochen klargestellt hatte: Jedes (sp\u00e4te) Angebot, jeder Gegenvorschlag der spanischen Regierung zur Losl\u00f6sung Kataloniens sei willkommen, m\u00fcsse nun aber neben der Eigenstaatlichkeit als weitere Wahlm\u00f6glichkeit in das Referendum einflie\u00dfen, an dessen Abhaltung kein Weg mehr vorbeif\u00fchre.<\/p>\n<p>Hochprofessionell und mit vorbildlicher Transparenz arbeitet die Generalitat n\u00e4mlich schon seit Monaten sehr zielstrebig an der Umsetzung des Vorhabens. So stellte der <a title=\"\u00bbConsell per a la Transici\u00f3 Nacional.\u00ab\" href=\"http:\/\/www.brennerbasisdemokratie.eu\/?p=14698\">Unabh\u00e4ngigkeitsbeirat<\/a>, ein beratendes Expertengremium der Regionalregierung, erst vor wenigen Tagen ein detailliertes Gutachten \u00fcber Wege und Chancen der Aufnahme Kataloniens in die EU vor, zudem schaltete die Generalitat <a href=\"http:\/\/www.cataloniavotes.eu\">ein offizielles Internetportal zur Selbstbestimmung<\/a> frei, das B\u00fcrger und ausw\u00e4rtige Beobachter mehrsprachig \u00fcber den laufenden Prozess informieren soll.<\/p>\n<p>Die Gefahr, dass Madrid nun auf Zeit spielen will, um das Projekt auszubremsen, ist sehr konkret. Umso mehr, als Rajoy erst k\u00fcrzlich erkl\u00e4rt hatte, er werde ein Referendum unter keinen Umst\u00e4nden zulassen. Wozu dann einen Dialog?<\/p>\n<p><strong><span style=\"font-family: Helvetica, Arial, sans-serif; text-transform: uppercase;\">C\u00ebla enghe:<\/span><\/strong> <a title=\"VG st\u00fctzt katalanischen Prozess.\" href=\"http:\/\/www.brennerbasisdemokratie.eu\/?p=18706\"><code>01<\/code><\/a> <a title=\"Madrid si nasconde dietro alla legalit\u00e0\u00a0.\" href=\"http:\/\/www.brennerbasisdemokratie.eu\/?p=18792\"><code>02<\/code><\/a> <a title=\"\u00bbConsell\u00ab legt erstes Gutachten vor.\" href=\"http:\/\/www.brennerbasisdemokratie.eu\/?p=16252\"><code>03<\/code><\/a> <a title=\"Katalonien setzt Referendum fest.\" href=\"http:\/\/www.brennerbasisdemokratie.eu\/?p=17661\"><code>04<\/code><\/a><\/p>","protected":false},"excerpt":{"rendered":"<p>Mehrfach hatte der katalanische Pr\u00e4sident, Artur Mas, seinen zentralspanischen Kollegen, Mariano Rajoy, in Vergangenheit \u00f6ffentlich aufgefordert, einen Dialog \u00fcber die Selbstbestimmung Kataloniens zu er\u00f6ffnen. Bislang vergeblich. Gestern endlich sagte Rajoy zu, nachdem er bereits lange zugewartet hatte \u2014 allerdings mit einer aus katalanischer Sicht inakzeptablen Bedingung: Mas sollte das bereits angesetzte Unabh\u00e4ngigkeitsreferendum wieder zur\u00fccknehmen, anderenfalls [&hellip;]<\/p>","protected":false},"author":1,"featured_media":0,"comment_status":"open","ping_status":"open","sticky":false,"template":"","format":"standard","meta":{"_crdt_document":"","ngg_post_thumbnail":0,"_jetpack_memberships_contains_paid_content":false,"footnotes":""},"categories":[1],"tags":[],"class_list":["post-18884","post","type-post","status-publish","format-standard","hentry","category-allgemein","location-catalunya","language-deutsch","person-artur-mas","person-mariano-rajoy","topic-mitbestimmung","topic-politik","topic-zentralismus"],"jetpack_featured_media_url":"","jetpack_sharing_enabled":true,"_links":{"self":[{"href":"https:\/\/www.brennerbasisdemokratie.eu\/index.php?rest_route=\/wp\/v2\/posts\/18884","targetHints":{"allow":["GET"]}}],"collection":[{"href":"https:\/\/www.brennerbasisdemokratie.eu\/index.php?rest_route=\/wp\/v2\/posts"}],"about":[{"href":"https:\/\/www.brennerbasisdemokratie.eu\/index.php?rest_route=\/wp\/v2\/types\/post"}],"author":[{"embeddable":true,"href":"https:\/\/www.brennerbasisdemokratie.eu\/index.php?rest_route=\/wp\/v2\/users\/1"}],"replies":[{"embeddable":true,"href":"https:\/\/www.brennerbasisdemokratie.eu\/index.php?rest_route=%2Fwp%2Fv2%2Fcomments&post=18884"}],"version-history":[{"count":10,"href":"https:\/\/www.brennerbasisdemokratie.eu\/index.php?rest_route=\/wp\/v2\/posts\/18884\/revisions"}],"predecessor-version":[{"id":78433,"href":"https:\/\/www.brennerbasisdemokratie.eu\/index.php?rest_route=\/wp\/v2\/posts\/18884\/revisions\/78433"}],"wp:attachment":[{"href":"https:\/\/www.brennerbasisdemokratie.eu\/index.php?rest_route=%2Fwp%2Fv2%2Fmedia&parent=18884"}],"wp:term":[{"taxonomy":"category","embeddable":true,"href":"https:\/\/www.brennerbasisdemokratie.eu\/index.php?rest_route=%2Fwp%2Fv2%2Fcategories&post=18884"},{"taxonomy":"post_tag","embeddable":true,"href":"https:\/\/www.brennerbasisdemokratie.eu\/index.php?rest_route=%2Fwp%2Fv2%2Ftags&post=18884"}],"curies":[{"name":"wp","href":"https:\/\/api.w.org\/{rel}","templated":true}]}}