{"id":19133,"date":"2014-05-13T22:16:33","date_gmt":"2014-05-13T20:16:33","guid":{"rendered":"http:\/\/www.brennerbasisdemokratie.eu\/?p=19133"},"modified":"2023-05-11T23:11:02","modified_gmt":"2023-05-11T21:11:02","slug":"diskussion-sezession-europa","status":"publish","type":"post","link":"https:\/\/www.brennerbasisdemokratie.eu\/?p=19133","title":{"rendered":"Diskussion: Sezession\/Europa?"},"content":{"rendered":"<p>Am kommenden Samstag, den 17. Mai, l\u00e4dt die <em>Initiative f\u00fcr mehr Demokratie<\/em> von 9.30 bis 12.30 Uhr zu einer wichtigen politischen Diskussion ins Bozner Batzenh\u00e4usl.<\/p>\n<blockquote><p><img loading=\"lazy\" decoding=\"async\" class=\"aligncenter size-full wp-image-19134\" src=\"http:\/\/www.brennerbasisdemokratie.eu\/wp-content\/uploads\/2014\/05\/europasez.jpg\" alt=\"Europa.\" width=\"560\" height=\"788\" srcset=\"https:\/\/www.brennerbasisdemokratie.eu\/wp-content\/uploads\/2014\/05\/europasez.jpg 560w, https:\/\/www.brennerbasisdemokratie.eu\/wp-content\/uploads\/2014\/05\/europasez-106x150.jpg 106w, https:\/\/www.brennerbasisdemokratie.eu\/wp-content\/uploads\/2014\/05\/europasez-213x300.jpg 213w\" sizes=\"auto, (max-width: 560px) 100vw, 560px\" \/><\/p><\/blockquote>\n<p>Das Thema des Vormittags lautet \u00bbSezession oder Europa?\u00ab, G\u00e4ste sind: <strong>Thomas Benedikter, Matthias Cologna, Simon Constantini (f\u00fcr <img class=\"bbdlogo\" src=\"https:\/\/www.brennerbasisdemokratie.eu\/wp-content\/uploads\/bbdsmileys\/bbde.png\">), Martin Fischer, Bernd Karner, Paul K\u00f6llensperger, Sepp Kusstatscher, Markus Lobis, Michele Lonardi, Ivo Passler, Andreas P\u00f6der, Karl Trojer, Otto von Aufschnaiter und Bernhard Zimmerhofer.<\/strong> Die <em>Initiative<\/em> bedauert, dass keine der geladenen Frauen zugesagt hat.<\/p>\n<blockquote><p>Die Unzufriedenheit der Menschen innerhalb der Nationalstaaten Europas w\u00e4chst. Sie w\u00e4chst auch gegen\u00fcber dem Europa der Lobbys und der Banken. Alleing\u00e4nge kleinerer, \u00fcberschaubarer und kulturell einheitlicherer Einheiten versprechen geringere Krisenanf\u00e4lligkeit und einfachere Krisenbew\u00e4ltigung. Die Frage ist dann aber: Allein wohin? Doch sicher nicht wieder in die Kleinstaaterei. Wenn schon kleinere lokale Identit\u00e4ten zum Tragen kommen sollen, wo die B\u00fcrgerinnen und B\u00fcrger wissen und auch tun k\u00f6nnen, was sie wollen, dann sollte das in einem Verbund der Vielgestaltigkeit stattfinden, der diese Diversit\u00e4t garantiert. Das ist eine Verfassung der Menschen- und B\u00fcrgerrechte, der politischen und pers\u00f6nlichen Freiheiten, der sozialen Rechte und Pflichten, der Selbstverantwortung und Selbstorganisation, eine Verfassung, die Demokratie als die M\u00f6glichkeit der Selbstbestimmung der B\u00fcrgerinnen und B\u00fcrger in allen f\u00fcr sie wichtigen Fragen, f\u00fcr alle verpflichtend vorgibt. Diese Garantie bietet ein politisches System der Gleichberechtigung in einer Konf\u00f6deration europ\u00e4ischer Regionen. Diese ideelle Ordung w\u00e4re ein Europa jenseits der Nationalstaaten, wie es in seinem Ursprung gedacht war.<\/p><\/blockquote>\n<p><strong>Ab 11.30 sind die EU-Wahl-KandidatInnen eingeladen, zu den Ergebnissen der Debatte Stellung zu nehmen.<\/strong><\/p>\n<p>Ich freue mich au\u00dferordentlich \u00fcber (und auf) diese Veranstaltung, deren einleitende Pr\u00e4misse von <img class=\"bbdlogo\" src=\"https:\/\/www.brennerbasisdemokratie.eu\/wp-content\/uploads\/bbdsmileys\/bbde.png\"> stammen k\u00f6nnte und von mir zu 100% geteilt wird. Dass die <em>Initiative f\u00fcr mehr Demokratie<\/em> dieses Thema derart klar umrei\u00dft und einer \u00f6ffentlichen Debatte stellen m\u00f6chte, stimmt zuversichtlich. Lediglich den Titel, \u00bbSezession oder Europa?\u00ab k\u00f6nnte man umgestalten in \u00bbSezession und Europa!\u00ab \u2014 da meiner Ansicht nach gerade der Zerfall klassischer Nationalstaaten durch Abspaltung von Regionen, einschlie\u00dflich der zwangsl\u00e4ufigen Befassung der EU mit diesen Prozessen, zu einer Dynamik in die gew\u00fcnschte Richtung f\u00fchren wird.<\/p>\n<p>In jedem Fall k\u00f6nnen B\u00fcrgerrechte wie direkte Demokratie, individuelle und kollektive Selbstbestimmung <a title=\"Ein modernes \u00bbB\u00fcrgerrecht\u00ab.\" href=\"http:\/\/www.brennerbasisdemokratie.eu\/?p=16850\">nur Hand in Hand gehen.<\/a><\/p>","protected":false},"excerpt":{"rendered":"<p>Am kommenden Samstag, den 17. Mai, l\u00e4dt die Initiative f\u00fcr mehr Demokratie von 9.30 bis 12.30 Uhr zu einer wichtigen politischen Diskussion ins Bozner Batzenh\u00e4usl. Das Thema des Vormittags lautet \u00bbSezession oder Europa?\u00ab, G\u00e4ste sind: Thomas Benedikter, Matthias Cologna, Simon Constantini (f\u00fcr ), Martin Fischer, Bernd Karner, Paul K\u00f6llensperger, Sepp Kusstatscher, Markus Lobis, Michele Lonardi, [&hellip;]<\/p>","protected":false},"author":1,"featured_media":0,"comment_status":"open","ping_status":"open","sticky":false,"template":"","format":"standard","meta":{"_crdt_document":"","ngg_post_thumbnail":0,"_jetpack_memberships_contains_paid_content":false,"footnotes":""},"categories":[1],"tags":[],"class_list":["post-19133","post","type-post","status-publish","format-standard","hentry","category-allgemein","entity-bbd","entity-eu","entity-ifmd","issue-afk","issue-zitac","location-europa","location-sudtirolo","language-deutsch","person-andreas-poder","person-markus-lobis","person-paul-kollensperger","person-sepp-kusstatscher","person-stephan-lausch","person-thomas-benedikter","topic-grundrechte","topic-mitbestimmung","topic-politik","topic-termin"],"jetpack_featured_media_url":"","jetpack_sharing_enabled":true,"_links":{"self":[{"href":"https:\/\/www.brennerbasisdemokratie.eu\/index.php?rest_route=\/wp\/v2\/posts\/19133","targetHints":{"allow":["GET"]}}],"collection":[{"href":"https:\/\/www.brennerbasisdemokratie.eu\/index.php?rest_route=\/wp\/v2\/posts"}],"about":[{"href":"https:\/\/www.brennerbasisdemokratie.eu\/index.php?rest_route=\/wp\/v2\/types\/post"}],"author":[{"embeddable":true,"href":"https:\/\/www.brennerbasisdemokratie.eu\/index.php?rest_route=\/wp\/v2\/users\/1"}],"replies":[{"embeddable":true,"href":"https:\/\/www.brennerbasisdemokratie.eu\/index.php?rest_route=%2Fwp%2Fv2%2Fcomments&post=19133"}],"version-history":[{"count":9,"href":"https:\/\/www.brennerbasisdemokratie.eu\/index.php?rest_route=\/wp\/v2\/posts\/19133\/revisions"}],"predecessor-version":[{"id":78428,"href":"https:\/\/www.brennerbasisdemokratie.eu\/index.php?rest_route=\/wp\/v2\/posts\/19133\/revisions\/78428"}],"wp:attachment":[{"href":"https:\/\/www.brennerbasisdemokratie.eu\/index.php?rest_route=%2Fwp%2Fv2%2Fmedia&parent=19133"}],"wp:term":[{"taxonomy":"category","embeddable":true,"href":"https:\/\/www.brennerbasisdemokratie.eu\/index.php?rest_route=%2Fwp%2Fv2%2Fcategories&post=19133"},{"taxonomy":"post_tag","embeddable":true,"href":"https:\/\/www.brennerbasisdemokratie.eu\/index.php?rest_route=%2Fwp%2Fv2%2Ftags&post=19133"}],"curies":[{"name":"wp","href":"https:\/\/api.w.org\/{rel}","templated":true}]}}