{"id":19208,"date":"2014-05-18T22:49:08","date_gmt":"2014-05-18T20:49:08","guid":{"rendered":"http:\/\/www.brennerbasisdemokratie.eu\/?p=19208"},"modified":"2023-05-11T23:03:42","modified_gmt":"2023-05-11T21:03:42","slug":"autonomie-im-hinterzimmer","status":"publish","type":"post","link":"https:\/\/www.brennerbasisdemokratie.eu\/?p=19208","title":{"rendered":"Autonomie im Hinterzimmer."},"content":{"rendered":"<p><strong>Die <abbr title=\"S\u00fcdtiroler Volkspartei\">SVP<\/abbr>-Senatoren Berger und Zeller haben am 15. M\u00e4rz 2013 einen <a title=\"Senatsakt Nr. 32\" href=\"http:\/\/www.senato.it\/leg\/17\/BGT\/Schede\/Ddliter\/39320.htm\" target=\"_blank\" rel=\"noopener\">Gesetzesentwurf<\/a> zur sogenannten Vollautonomie eingebracht. Trotz seiner kaum zu \u00fcbersch\u00e4tzenden Tragweite blieb der Vorsto\u00df von Medien und \u00d6ffentlichkeit bislang weitgehend unbeachtet. Eine Kurzbetrachtung.<\/strong><\/p>\n<ul>\n<li>Seiner <strong>Form<\/strong> nach entst\u00fcnde das \u00bbneue Autonomiestatut\u00ab nicht als organischer Text, sondern als Flickschusterwerk durch massive Ab\u00e4nderungen am bestehenden Statut. Auch das neue Grundgesetz unserer Selbstverwaltung h\u00e4tte nicht die Form und die Statur einer echten Landesverfassung und bliebe zudem ein Statut f\u00fcr die weiterhin fortbestehende Region Trentino-S\u00fcdtirol.<\/li>\n<li><strong>Inhaltlich<\/strong> h\u00e4tte die Verabschiedung des Vorschlags von Berger und Zeller selbstredend einen massiven Ausbau der Selbstverwaltung zur Folge. Einige wenige Zust\u00e4ndigkeiten\u00c2\u00a0 (in insgesamt neun Bereichen) verblieben beim Staat, der Rest ginge an die autonomen L\u00e4nder \u00fcber. Eine Klausel zur m\u00f6glichen Umsetzung des Selbstbestimmungsrechtes w\u00e4re auch im neuen Statut nicht enthalten, das insgesamt auch keineswegs vom ethnischen, ethnizistischen bzw. ethnozentrischen Ansatz abweicht. Die Rechte der Ladiner w\u00fcrden in diesem Kontext immerhin deutlich aufgewertet.<br \/>\nWas die Anwendung betrifft, w\u00e4re man wohl wieder auf langwierige Verhandlungen mit dem Staat angewiesen, der die Durchf\u00fchrungsbestimmungen zu erlassen h\u00e4tte. Die Umsetzung des Autonomiestatuts von 1972 dauerte insgesamt rund 20 Jahre!<\/li>\n<li>Am wichtigsten sind jedoch die \u00dcberlegungen zu <strong>Methodik und Beteiligung<\/strong>: So wurde dieser Vorschlag zur Vollautonomie von zwei Personen in einem Hinterzimmer ausgeheckt und soll nicht etwa von den S\u00fcdtirolern in einer Abstimmung ratifiziert, sondern vom r\u00f6mischen Parlament beschlossen werden (oder eben nicht, was in Anbetracht der laufenden Rezentralisierungsbestrebungen wahrscheinlicher scheint).<br \/>\nIn jedem Fall ist eine derartige Vorgangsweise im 21. Jahrhundert nicht mehr vermittelbar. Die Grundregeln f\u00fcr unser politisches, gesellschaftliches und kulturelles Zusammenleben m\u00fcssen gemeinsam in einem offenen und transparenten Verfahren erarbeitet werden.<\/li>\n<\/ul>\n<p><strong><span style=\"font-family: Helvetica, Arial, sans-serif; text-transform: uppercase;\">C\u00ebla enghe:<\/span><\/strong> <a title=\"Call for Selfdetermination.\" href=\"http:\/\/www.brennerbasisdemokratie.eu\/?p=18512\"><code>01<\/code><\/a> <a title=\"Landessatzungsinitiative.\" href=\"http:\/\/www.brennerbasisdemokratie.eu\/?p=15420\"><code>02<\/code><\/a><\/p>","protected":false},"excerpt":{"rendered":"<p>Die SVP-Senatoren Berger und Zeller haben am 15. M\u00e4rz 2013 einen Gesetzesentwurf zur sogenannten Vollautonomie eingebracht. Trotz seiner kaum zu \u00fcbersch\u00e4tzenden Tragweite blieb der Vorsto\u00df von Medien und \u00d6ffentlichkeit bislang weitgehend unbeachtet. Eine Kurzbetrachtung. Seiner Form nach entst\u00fcnde das \u00bbneue Autonomiestatut\u00ab nicht als organischer Text, sondern als Flickschusterwerk durch massive Ab\u00e4nderungen am bestehenden Statut. Auch [&hellip;]<\/p>","protected":false},"author":1,"featured_media":0,"comment_status":"open","ping_status":"open","sticky":false,"template":"","format":"standard","meta":{"_crdt_document":"","ngg_post_thumbnail":0,"_jetpack_memberships_contains_paid_content":false,"footnotes":""},"categories":[1],"tags":[],"class_list":["post-19208","post","type-post","status-publish","format-standard","hentry","category-allgemein","entity-region-sudtirol-trentino","entity-svp","location-sudtirolo","language-deutsch","person-karl-zeller","topic-mitbestimmung","topic-politik","topic-recht","topic-selbstbestimmung"],"jetpack_featured_media_url":"","jetpack_sharing_enabled":true,"_links":{"self":[{"href":"https:\/\/www.brennerbasisdemokratie.eu\/index.php?rest_route=\/wp\/v2\/posts\/19208","targetHints":{"allow":["GET"]}}],"collection":[{"href":"https:\/\/www.brennerbasisdemokratie.eu\/index.php?rest_route=\/wp\/v2\/posts"}],"about":[{"href":"https:\/\/www.brennerbasisdemokratie.eu\/index.php?rest_route=\/wp\/v2\/types\/post"}],"author":[{"embeddable":true,"href":"https:\/\/www.brennerbasisdemokratie.eu\/index.php?rest_route=\/wp\/v2\/users\/1"}],"replies":[{"embeddable":true,"href":"https:\/\/www.brennerbasisdemokratie.eu\/index.php?rest_route=%2Fwp%2Fv2%2Fcomments&post=19208"}],"version-history":[{"count":13,"href":"https:\/\/www.brennerbasisdemokratie.eu\/index.php?rest_route=\/wp\/v2\/posts\/19208\/revisions"}],"predecessor-version":[{"id":78427,"href":"https:\/\/www.brennerbasisdemokratie.eu\/index.php?rest_route=\/wp\/v2\/posts\/19208\/revisions\/78427"}],"wp:attachment":[{"href":"https:\/\/www.brennerbasisdemokratie.eu\/index.php?rest_route=%2Fwp%2Fv2%2Fmedia&parent=19208"}],"wp:term":[{"taxonomy":"category","embeddable":true,"href":"https:\/\/www.brennerbasisdemokratie.eu\/index.php?rest_route=%2Fwp%2Fv2%2Fcategories&post=19208"},{"taxonomy":"post_tag","embeddable":true,"href":"https:\/\/www.brennerbasisdemokratie.eu\/index.php?rest_route=%2Fwp%2Fv2%2Ftags&post=19208"}],"curies":[{"name":"wp","href":"https:\/\/api.w.org\/{rel}","templated":true}]}}