{"id":19247,"date":"2014-05-21T19:58:55","date_gmt":"2014-05-21T17:58:55","guid":{"rendered":"http:\/\/www.brennerbasisdemokratie.eu\/?p=19247"},"modified":"2023-05-11T22:52:58","modified_gmt":"2023-05-11T20:52:58","slug":"oktavia-brugger-schottland-und-katalonien-ja","status":"publish","type":"post","link":"https:\/\/www.brennerbasisdemokratie.eu\/?p=19247","title":{"rendered":"Oktavia B.: Schottland und Katalonien ja&#8230;"},"content":{"rendered":"<p>Nachdem wir schon Marco Boato von den italienischen Gr\u00fcnen \u00fcber <a title=\"Selbstbestimmung Thema bei #TellEurope.\" href=\"http:\/\/www.brennerbasisdemokratie.eu\/?p=19173\">die Meinung der europ\u00e4ischen Spitzenkanditatin<\/a>, Ska Keller, zum Selbstbestimmungsrecht <a title=\"Un boato a ritmo di ska?\" href=\"http:\/\/www.brennerbasisdemokratie.eu\/?p=19232\">befragt haben<\/a>, hat uns nun auch Oktavia Brugger, ihres Zeichens Europakandidatin der S\u00fcdtiroler Gr\u00fcnen auf der Liste Tsipras, ihre Position zu diesem Thema mitgeteilt. Wie zu erwarten war, spricht sich Brugger gegen die Selbstbestimmung unseres Landes aus \u2014 \u00fcberraschend ist hingegen, dass sie dies im Fall von Schottland und Katalonien anders sieht.<\/p>\n<blockquote><p><em><strong><img class=\"bbdlogo\" src=\"https:\/\/www.brennerbasisdemokratie.eu\/wp-content\/uploads\/bbdsmileys\/bbde.png\">: Sehr geehrte Frau Brugger, die Spitzenkandidatin der europ\u00e4ischen Gr\u00fcnen, Ska Keller, hat sich daf\u00fcr ausgesprochen, Regionen wie Schottland und Katalonien ein demokratisches Selbstbestimmungsrecht anzuerkennen und im Falle einer Losl\u00f6sung vom Vereinigten K\u00f6nigsreich bzw. von Spanien ihren Verbleib in der EU zu erm\u00f6glichen. Da die S\u00fcdtiroler Gr\u00fcnen \u2014 aus wahltaktischen, aber auch aus inhaltlichen \u2014 Gr\u00fcnden nicht gemeinsam mit den europ\u00e4ischen Gr\u00fcnen zur anstehenden EU-Wahl antreten, sondern gemeinsam mit der Liste Tsipras, m\u00f6chten wir in Erfahrung bringen, wie Sie zur genannten Position von Frau Keller stehen. Insbesondere w\u00fcrde uns auch interessieren, wie Sie zu einem demokratischen Selbstbestimmungsrecht f\u00fcr S\u00fcdtirol stehen.<\/strong><\/em><\/p>\n<p>In den zwei genannten F\u00e4llen bin ich daf\u00fcr, dass der Wille der Schottinnen und Schotten, welche bereits mit Zustimmung des Vereinigten K\u00f6nigreichs dazu aufgefordert wurden, diesen in einem Referendum auszudr\u00fccken, anerkannt wird und das[s] Gleiches auch in Katalonien geschehen kann. Wenn die Mehrheit die Unabh\u00e4ngigkeit w\u00e4hlt, haben diese Staaten automatisch das Recht, als Mitgliedsstaaten der Europ\u00e4ischen Union anerkannt zu werden, denn die Regionen waren ja bereits ein Teil von ihr. Die Selbstbestimmung ist jedoch nicht in allen F\u00e4llen das ad\u00e4quate Mittel. Das gilt insbesondere in S\u00fcdtirol. Die historischen und sozialen Gegebenheiten sowie die in internationalen Vertr\u00e4gen verankerte Autonomie machen das reine Mehrheitsprinzip eines Referendums nicht zur L\u00f6sung allen \u00dcbels. Die ethnische Frage macht es immer noch schwierig, sich als Gemeinschaft eines Landes ohne sprachliche Revanchismen zu identifizieren, so wie es zum Beispiel in Schottland der Fall ist. Hinzu kommen die Rechtspopulisten, welche die Selbstbestimmung f\u00fcr ihre Zwecke ausnutzen. Deshalb denke ich, dass wir bedacht und schrittweise vorgehen m\u00fcssen. Alexis Tsipras hat bereits hervorgehoben, dass auf Grenzverschiebungen verzichtet und vielmehr auf eine starke Autonomie der europ\u00e4ischen Regionen \u2014 wie Schottland, Katalonien und auch Trentino-S\u00fcdtirol-Tirol \u2014 innerhalb einer f\u00f6deralen Union gesetzt werden sollte.<\/p><\/blockquote>\n<p>Wie auch schon f\u00fcr Herrn Boato kann <img class=\"bbdlogo\" src=\"https:\/\/www.brennerbasisdemokratie.eu\/wp-content\/uploads\/bbdsmileys\/bbde.png\"> auch f\u00fcr Frau Brugger <span style=\"text-decoration: underline;\">keine<\/span> Wahlempfehlung ausgeben.<\/p>\n<p><strong><span style=\"font-family: Helvetica, Arial, sans-serif; text-transform: uppercase;\">C\u00ebla enghe:<\/span><\/strong> <a title=\"#TellEurope &amp; the crucial question.\" href=\"http:\/\/www.brennerbasisdemokratie.eu\/?p=19240\"><code>01<\/code><\/a> <a title=\"Selbstbestimmung und mehr Europa.\" href=\"http:\/\/www.brennerbasisdemokratie.eu\/?p=19204\"><code>02<\/code><\/a> <a title=\"Das \u00bbEuropa der Regionen\u00ab ist noch fern.\" href=\"http:\/\/www.brennerbasisdemokratie.eu\/?p=19219\"><code>03<\/code><\/a> <a title=\"Keller, Wurst und die B\u00fcrgerrechte.\" href=\"http:\/\/www.brennerbasisdemokratie.eu\/?p=19109\"><code>04<\/code><\/a><\/p>","protected":false},"excerpt":{"rendered":"<p>Nachdem wir schon Marco Boato von den italienischen Gr\u00fcnen \u00fcber die Meinung der europ\u00e4ischen Spitzenkanditatin, Ska Keller, zum Selbstbestimmungsrecht befragt haben, hat uns nun auch Oktavia Brugger, ihres Zeichens Europakandidatin der S\u00fcdtiroler Gr\u00fcnen auf der Liste Tsipras, ihre Position zu diesem Thema mitgeteilt. Wie zu erwarten war, spricht sich Brugger gegen die Selbstbestimmung unseres Landes [&hellip;]<\/p>","protected":false},"author":1,"featured_media":0,"comment_status":"open","ping_status":"open","sticky":false,"template":"","format":"standard","meta":{"_crdt_document":"","ngg_post_thumbnail":0,"_jetpack_memberships_contains_paid_content":false,"footnotes":""},"categories":[1],"tags":[],"class_list":["post-19247","post","type-post","status-publish","format-standard","hentry","category-allgemein","entity-eu","entity-euregio","entity-verc","location-catalunya","language-deutsch","topic-grenzen","topic-grundrechte","topic-selbstbestimmung"],"jetpack_featured_media_url":"","jetpack_sharing_enabled":true,"_links":{"self":[{"href":"https:\/\/www.brennerbasisdemokratie.eu\/index.php?rest_route=\/wp\/v2\/posts\/19247","targetHints":{"allow":["GET"]}}],"collection":[{"href":"https:\/\/www.brennerbasisdemokratie.eu\/index.php?rest_route=\/wp\/v2\/posts"}],"about":[{"href":"https:\/\/www.brennerbasisdemokratie.eu\/index.php?rest_route=\/wp\/v2\/types\/post"}],"author":[{"embeddable":true,"href":"https:\/\/www.brennerbasisdemokratie.eu\/index.php?rest_route=\/wp\/v2\/users\/1"}],"replies":[{"embeddable":true,"href":"https:\/\/www.brennerbasisdemokratie.eu\/index.php?rest_route=%2Fwp%2Fv2%2Fcomments&post=19247"}],"version-history":[{"count":7,"href":"https:\/\/www.brennerbasisdemokratie.eu\/index.php?rest_route=\/wp\/v2\/posts\/19247\/revisions"}],"predecessor-version":[{"id":78426,"href":"https:\/\/www.brennerbasisdemokratie.eu\/index.php?rest_route=\/wp\/v2\/posts\/19247\/revisions\/78426"}],"wp:attachment":[{"href":"https:\/\/www.brennerbasisdemokratie.eu\/index.php?rest_route=%2Fwp%2Fv2%2Fmedia&parent=19247"}],"wp:term":[{"taxonomy":"category","embeddable":true,"href":"https:\/\/www.brennerbasisdemokratie.eu\/index.php?rest_route=%2Fwp%2Fv2%2Fcategories&post=19247"},{"taxonomy":"post_tag","embeddable":true,"href":"https:\/\/www.brennerbasisdemokratie.eu\/index.php?rest_route=%2Fwp%2Fv2%2Ftags&post=19247"}],"curies":[{"name":"wp","href":"https:\/\/api.w.org\/{rel}","templated":true}]}}