{"id":1927,"date":"2009-03-26T08:40:18","date_gmt":"2009-03-26T07:40:18","guid":{"rendered":"http:\/\/www.brennerbasisdemokratie.eu\/?p=1927"},"modified":"2021-02-15T22:06:56","modified_gmt":"2021-02-15T21:06:56","slug":"wie-die-bayern","status":"publish","type":"post","link":"https:\/\/www.brennerbasisdemokratie.eu\/?p=1927","title":{"rendered":"Wie die Bayern."},"content":{"rendered":"<p>Es ist geradezu be\u00e4ngstigend, mit welcher Laienhaftigkeit wir es auch in den Reihen der Regierungspartei beim Thema Selbstbestimmung zu tun haben. So spricht sich Thomas Widmann, im Doppelpack mit Richard Theiner Obmannkandidat der <abbr title=\"S\u00fcdtiroler Volkspartei\">SVP<\/abbr>, im heutigen <abbr title=\"Tageszeitung\">TAZ<\/abbr>-Gespr\u00e4ch f\u00fcr eine Selbstbestimmungsl\u00f6sung nach bayerischem Vorbild aus. Der Landesrat hat offensichtlich keine Ahnung, dass \u00bbFreistaat\u00ab in Deutschland nicht mehr ist, als eine folkloristische Bezeichnung, die das Selbstverst\u00e4ndnis eines Bundeslandes beschreibt. Ansonsten hat Bayern keine Zust\u00e4ndigkeiten oder Vorrechte, die nicht jedes andere deutsche Bundesland auch h\u00e4tte. Wenn sich das Duo Theiner-Widmann auf Bayern beruft, dann ist dies nicht nur keine Verbesserung, sondern unter Umst\u00e4nden die Vorlage zur Abschaffung der S\u00fcdtirol-Autonomie. Eine erschreckende Ignoranz.<\/p>","protected":false},"excerpt":{"rendered":"<p>Es ist geradezu be\u00e4ngstigend, mit welcher Laienhaftigkeit wir es auch in den Reihen der Regierungspartei beim Thema Selbstbestimmung zu tun haben. So spricht sich Thomas Widmann, im Doppelpack mit Richard Theiner Obmannkandidat der SVP, im heutigen TAZ-Gespr\u00e4ch f\u00fcr eine Selbstbestimmungsl\u00f6sung nach bayerischem Vorbild aus. Der Landesrat hat offensichtlich keine Ahnung, dass \u00bbFreistaat\u00ab in Deutschland nicht [&hellip;]<\/p>","protected":false},"author":1,"featured_media":0,"comment_status":"open","ping_status":"open","sticky":false,"template":"","format":"standard","meta":{"_crdt_document":"","ngg_post_thumbnail":0,"_jetpack_memberships_contains_paid_content":false,"footnotes":""},"categories":[1],"tags":[],"class_list":["post-1927","post","type-post","status-publish","format-standard","hentry","category-allgemein","entity-svp","location-bayern","language-deutsch","medium-taz","person-richard-theiner","person-thomas-widmann","topic-medien","topic-politik"],"jetpack_featured_media_url":"","jetpack_sharing_enabled":true,"_links":{"self":[{"href":"https:\/\/www.brennerbasisdemokratie.eu\/index.php?rest_route=\/wp\/v2\/posts\/1927","targetHints":{"allow":["GET"]}}],"collection":[{"href":"https:\/\/www.brennerbasisdemokratie.eu\/index.php?rest_route=\/wp\/v2\/posts"}],"about":[{"href":"https:\/\/www.brennerbasisdemokratie.eu\/index.php?rest_route=\/wp\/v2\/types\/post"}],"author":[{"embeddable":true,"href":"https:\/\/www.brennerbasisdemokratie.eu\/index.php?rest_route=\/wp\/v2\/users\/1"}],"replies":[{"embeddable":true,"href":"https:\/\/www.brennerbasisdemokratie.eu\/index.php?rest_route=%2Fwp%2Fv2%2Fcomments&post=1927"}],"version-history":[{"count":11,"href":"https:\/\/www.brennerbasisdemokratie.eu\/index.php?rest_route=\/wp\/v2\/posts\/1927\/revisions"}],"predecessor-version":[{"id":63557,"href":"https:\/\/www.brennerbasisdemokratie.eu\/index.php?rest_route=\/wp\/v2\/posts\/1927\/revisions\/63557"}],"wp:attachment":[{"href":"https:\/\/www.brennerbasisdemokratie.eu\/index.php?rest_route=%2Fwp%2Fv2%2Fmedia&parent=1927"}],"wp:term":[{"taxonomy":"category","embeddable":true,"href":"https:\/\/www.brennerbasisdemokratie.eu\/index.php?rest_route=%2Fwp%2Fv2%2Fcategories&post=1927"},{"taxonomy":"post_tag","embeddable":true,"href":"https:\/\/www.brennerbasisdemokratie.eu\/index.php?rest_route=%2Fwp%2Fv2%2Ftags&post=1927"}],"curies":[{"name":"wp","href":"https:\/\/api.w.org\/{rel}","templated":true}]}}