{"id":19719,"date":"2014-06-25T17:10:04","date_gmt":"2014-06-25T15:10:04","guid":{"rendered":"http:\/\/www.brennerbasisdemokratie.eu\/?p=19719"},"modified":"2023-01-05T21:24:06","modified_gmt":"2023-01-05T20:24:06","slug":"minister-fernandez-diaz-angstkampagne","status":"publish","type":"post","link":"https:\/\/www.brennerbasisdemokratie.eu\/?p=19719","title":{"rendered":"Minister Fern\u00e1ndez D\u00edaz\u2019 Angstkampagne."},"content":{"rendered":"<p>Was fl\u00f6\u00dft den Menschen besonders viel Angst \u2014 also <em>Terror<\/em> \u2014 ein? Wie die Bezeichnung selbst verr\u00e4t: Der <em>Terrorismus<\/em>. Eine echte Angstkampagne kann also kaum ohne die Androhung (bzw. die angebliche \u00bbBef\u00fcrchtung\u00ab) einer Terrorismusgefahr auskommen, wiewohl eine solche Androhung leicht als T\u00e4uschung zu durchschauen ist.<\/p>\n<p>So hatte die britische Innenministerin Theresa May den Schotten letzten Herbst <a title=\"The War on Errorism.\" href=\"http:\/\/www.brennerbasisdemokratie.eu\/?p=17173\">ausgerichtet<\/a>, die Aufk\u00fcndigung der Union mit England k\u00f6nne das Land zum Ziel des internationalen Terrorismus machen:<\/p>\n<blockquote><p><span id=\"ext-gen149\">Scotland would be more vulnerable to a catastrophic terrorist attack if Alex Salmond succeeds with his bid to break up Britain.<\/span><\/p><\/blockquote>\n<p>Wie wir inzwischen wissen, waren die \u00fcberzogenen Angstargumente der Unionisten bislang nicht besonders erfolgreich, eher im Gegenteil: Seit Monaten zeigen Repr\u00e4sentativumfragen ausnahmslos, dass das <em>Ja<\/em> zur schottischen Unabh\u00e4ngigkeit Woche f\u00fcr Woche in der Gunst der Abstimmungsberechtigten <a title=\"Schottland: Nur noch vier Prozentpunkte.\" href=\"http:\/\/www.brennerbasisdemokratie.eu\/?p=19601\">zulegt<\/a>.<\/p>\n<p>Trotzdem lie\u00df es sich der spanische Kollege von Frau May, Innenminister Jorge Fern\u00e1ndez D\u00edaz, nun nicht nehmen, fast genau dasselbe <del>Schreckensszenario<\/del> Terrorszenario auch f\u00fcr Katalonien an die Wand zu malen. Das Land w\u00fcrde sich im Falle einer Losl\u00f6sung von Spanien<\/p>\n<blockquote><p>in einem politischen und rechtlichen Niemandsland wiederfinden, au\u00dferhalb der EU und der NATO und ohne den Schutzschirm der internationalen Agenturen und Dienste, die in einer globalen Welt wie der heutigen die Sicherheit gew\u00e4hrleisten. [Katalonien] w\u00e4re also Futter f\u00fcr den Terrorismus und die organisierte Kriminalit\u00e4t in ihren unterschiedlichsten Auspr\u00e4gungen.<\/p><\/blockquote>\n<p><iframe loading=\"lazy\" src=\"https:\/\/d1pgpw7zkb4oww.cloudfront.net\/whisp32\/ugm\/em\" width=\"100%\" height=\"160\" frameborder=\"no\" scrolling=\"no\"><\/iframe><\/p>\n<p>Die Drohung allein, dass Katalonien aus der EU fliegen w\u00fcrde, was u.a. mehrere Spitzenkandidatinnen zur EU-Wahl <a title=\"Selbstbestimmung Thema bei #TellEurope.\" href=\"http:\/\/www.brennerbasisdemokratie.eu\/?p=19173\">infrage gestellt<\/a> hatten, reicht also nicht mehr aus. In einem Abstimmungskampf, den es laut spanischer Regierung gar nicht gibt (weil sie die freie und demokratische Abstimmung vom 9. November \u00fcber den Verbleib Kataloniens bei Spanien verbieten will), erh\u00f6ht sie die Drohungen immer weiter, obwohl dies \u2014 wie erw\u00e4hnt \u2014 bereits den Unionistinnen in Schottland wenig Gl\u00fcck gebracht hat. <a title=\"BetterTogether f\u00fcr mehr Autonomie.\" href=\"http:\/\/www.brennerbasisdemokratie.eu\/?p=19709\"><em>Positive campaigning<\/em><\/a> scheint den Verfechtern des <em>Status Quo <\/em>grunds\u00e4tzlich eher schwerzufallen.<\/p>","protected":false},"excerpt":{"rendered":"<p>Was fl\u00f6\u00dft den Menschen besonders viel Angst \u2014 also Terror \u2014 ein? Wie die Bezeichnung selbst verr\u00e4t: Der Terrorismus. Eine echte Angstkampagne kann also kaum ohne die Androhung (bzw. die angebliche \u00bbBef\u00fcrchtung\u00ab) einer Terrorismusgefahr auskommen, wiewohl eine solche Androhung leicht als T\u00e4uschung zu durchschauen ist. So hatte die britische Innenministerin Theresa May den Schotten letzten [&hellip;]<\/p>","protected":false},"author":1,"featured_media":0,"comment_status":"open","ping_status":"open","sticky":false,"template":"","format":"standard","meta":{"_crdt_document":"","ngg_post_thumbnail":0,"_jetpack_memberships_contains_paid_content":false,"footnotes":""},"categories":[1],"tags":[],"class_list":["post-19719","post","type-post","status-publish","format-standard","hentry","category-allgemein","entity-pp","issue-indyref1","issue-zitac","location-catalunya","location-schottland","location-united-kingdom","language-deutsch","person-alex-salmond","topic-mitbestimmung","topic-politik","topic-sicherheit","topic-statistik"],"jetpack_featured_media_url":"","jetpack_sharing_enabled":true,"_links":{"self":[{"href":"https:\/\/www.brennerbasisdemokratie.eu\/index.php?rest_route=\/wp\/v2\/posts\/19719","targetHints":{"allow":["GET"]}}],"collection":[{"href":"https:\/\/www.brennerbasisdemokratie.eu\/index.php?rest_route=\/wp\/v2\/posts"}],"about":[{"href":"https:\/\/www.brennerbasisdemokratie.eu\/index.php?rest_route=\/wp\/v2\/types\/post"}],"author":[{"embeddable":true,"href":"https:\/\/www.brennerbasisdemokratie.eu\/index.php?rest_route=\/wp\/v2\/users\/1"}],"replies":[{"embeddable":true,"href":"https:\/\/www.brennerbasisdemokratie.eu\/index.php?rest_route=%2Fwp%2Fv2%2Fcomments&post=19719"}],"version-history":[{"count":11,"href":"https:\/\/www.brennerbasisdemokratie.eu\/index.php?rest_route=\/wp\/v2\/posts\/19719\/revisions"}],"predecessor-version":[{"id":75948,"href":"https:\/\/www.brennerbasisdemokratie.eu\/index.php?rest_route=\/wp\/v2\/posts\/19719\/revisions\/75948"}],"wp:attachment":[{"href":"https:\/\/www.brennerbasisdemokratie.eu\/index.php?rest_route=%2Fwp%2Fv2%2Fmedia&parent=19719"}],"wp:term":[{"taxonomy":"category","embeddable":true,"href":"https:\/\/www.brennerbasisdemokratie.eu\/index.php?rest_route=%2Fwp%2Fv2%2Fcategories&post=19719"},{"taxonomy":"post_tag","embeddable":true,"href":"https:\/\/www.brennerbasisdemokratie.eu\/index.php?rest_route=%2Fwp%2Fv2%2Ftags&post=19719"}],"curies":[{"name":"wp","href":"https:\/\/api.w.org\/{rel}","templated":true}]}}