{"id":199,"date":"2006-09-22T09:03:10","date_gmt":"2006-09-22T07:03:10","guid":{"rendered":"http:\/\/www.selbstbestimmung.net\/?p=199"},"modified":"2025-09-19T15:31:39","modified_gmt":"2025-09-19T13:31:39","slug":"codi-civil-oder-catalunya-iii","status":"publish","type":"post","link":"https:\/\/www.brennerbasisdemokratie.eu\/?p=199","title":{"rendered":"Codi Civil."},"content":{"rendered":"<p>Gerne verlautbaren unsere obersten Politikerinnen, wie autonom und unabh\u00e4ngig wir doch schon seien: Au\u00dfer wenigen Details regelten wir doch schon alles selbst, Rom mische sich nur noch am Rande in unsere Belange ein. Doch stimmt das? Mitnichten! Es gibt eigentlich kaum einen Lebensbereich, in den sich die staatliche Gesetzgebung nicht einmischt. Dies gilt auch und vor allem f\u00fcr das allgemeine Privatrecht, das vom <strong>italienischen Zivilgesetzbuch<\/strong> geregelt wird. \u00dcber so wesentliche Bereiche wie die <strong>Rechtsbeziehungen zwischen Privatpersonen, Familienrecht, Erbrecht, Eigentum und vieles mehr<\/strong> befindet ausschlie\u00dflich Rom, das Land S\u00fcdtirol regelt \u2013 wenn \u00fcberhaupt \u2013 nur unwesentliche Details. Also in etwa das genaue Gegenteil von dem, was behauptet wird und landl\u00e4ufige Meinung ist. Ma\u00dfgebend ist au\u00dferdem stets ausschlie\u00dflich der italienische Wortlaut der Gesetze.* Das wird dann \u00bbVorzeigeautonomie\u00ab genannt \u2014 oder etwa in blanker Selbst\u00fcbersch\u00e4tzung <strong>\u00bbinnere Selbstbestimmung\u00ab<\/strong>.<\/p>\n<p>Wie das anders geht, zeigt wieder einmal unser Paradebeispiel Katalonien (es wird schon fast langweilig). Der <a title=\"Codi Civil de Catalunya.\" href=\"https:\/\/www.brennerbasisdemokratie.eu\/wp-content\/uploads\/2006\/09\/codicivil_catalunya.pdf\" target=\"_blank\" rel=\"noopener\"><strong>Codi Civil de Catalunya<\/strong><\/a>, das B\u00fcrgerliche Gesetzbuch Kataloniens, ist Ausdruck des tats\u00e4chlichen Ausma\u00dfes an Eigenregierung, das die Katalaninnen im Gegensatz zu S\u00fcdtirol erlangt haben. Dieses Gesetzbuch regelt weite Teil des Privatrechts autonom vom spanischen Zentralstaat und kommt stets <strong>bevorzugt<\/strong> zur Anwendung, hat also gegen\u00fcber den staatlichen Vorschriften Vorrang.<\/p>\n<p>Hier zur Vertiefung der Link zur digitalisierten Version des <a title=\"Codi Civil de Catalunya.\" href=\"https:\/\/portaljuridic.gencat.cat\/ca\/normativa\/dret-a-catalunya\/Codis-legislacio\/codi-civil-de-catalunya-i-legislacio-complementaria\/\" target=\"_blank\" rel=\"noopener noreferrer\">Codi Civil de Catalunya<\/a> auf den Seiten der Universit\u00e4t Girona.<\/p>\n<p><strong><span style=\"font-family: Helvetica, Arial, sans-serif; text-transform: uppercase;\">C\u00ebla enghe:<\/span><\/strong> <a title=\"Wiki: Codi Civil de Catalunya.\" href=\"https:\/\/ca.wikipedia.org\/wiki\/Codi_Civil_de_Catalunya\" target=\"_blank\" rel=\"noopener\"><code>01<\/code><\/a> <a title=\"Wiki: Derecho foral.\" href=\"http:\/\/es.wikipedia.org\/wiki\/Derecho_foral_civil\" target=\"_blank\" rel=\"noopener noreferrer\"><code>02<\/code><\/a><\/p>\n<p><small>*) Dieser Grundsatz gilt im \u00dcbrigen auch f\u00fcr die Gesetze des Landes S\u00fcdtirol. Art. 99 des Autonomiestatuts h\u00e4lt dazu fest: <em>\u00bbDie deutsche Sprache ist in der Region der italienischen Sprache, welche die amtliche Staatssprache ist, gleichgestellt. In den Akten mit Gesetzeskraft und immer dann, wenn dieses Statut eine zweisprachige Fassung vorsieht, ist der italienische Wortlaut ma\u00dfgebend.\u00ab<\/em> Dies bedeutet, dass Normen, die gro\u00dfteils auf Deutsch ersonnen, besprochen und verabschiedet wurden, nur in ihrer italienischen \u00dcbersetzung G\u00fcltigkeit haben und interpretiert werden d\u00fcrfen. Eine <strong>klare Herabw\u00fcrdigung<\/strong> der deutschen Sprache, wie sie dem Katalanischen nicht zuteil wird.<\/small><\/p>","protected":false},"excerpt":{"rendered":"<p>Gerne verlautbaren unsere obersten Politikerinnen, wie autonom und unabh\u00e4ngig wir doch schon seien: Au\u00dfer wenigen Details regelten wir doch schon alles selbst, Rom mische sich nur noch am Rande in unsere Belange ein. Doch stimmt das? Mitnichten! Es gibt eigentlich kaum einen Lebensbereich, in den sich die staatliche Gesetzgebung nicht einmischt. Dies gilt auch und [&hellip;]<\/p>","protected":false},"author":1,"featured_media":0,"comment_status":"open","ping_status":"open","sticky":false,"template":"","format":"standard","meta":{"_crdt_document":"","ngg_post_thumbnail":0,"_jetpack_memberships_contains_paid_content":false,"footnotes":""},"categories":[1],"tags":[],"class_list":["post-199","post","type-post","status-publish","format-standard","hentry","category-allgemein","entity-gencat","entity-land-sudtirol","issue-autonomievergleich","location-catalunya","location-sudtirolo","language-deutsch","topic-comparatio","topic-recht","topic-selbstbestimmung","topic-vorzeigeautonomie","topic-zustaendigkeiten"],"jetpack_featured_media_url":"","jetpack_sharing_enabled":true,"_links":{"self":[{"href":"https:\/\/www.brennerbasisdemokratie.eu\/index.php?rest_route=\/wp\/v2\/posts\/199","targetHints":{"allow":["GET"]}}],"collection":[{"href":"https:\/\/www.brennerbasisdemokratie.eu\/index.php?rest_route=\/wp\/v2\/posts"}],"about":[{"href":"https:\/\/www.brennerbasisdemokratie.eu\/index.php?rest_route=\/wp\/v2\/types\/post"}],"author":[{"embeddable":true,"href":"https:\/\/www.brennerbasisdemokratie.eu\/index.php?rest_route=\/wp\/v2\/users\/1"}],"replies":[{"embeddable":true,"href":"https:\/\/www.brennerbasisdemokratie.eu\/index.php?rest_route=%2Fwp%2Fv2%2Fcomments&post=199"}],"version-history":[{"count":10,"href":"https:\/\/www.brennerbasisdemokratie.eu\/index.php?rest_route=\/wp\/v2\/posts\/199\/revisions"}],"predecessor-version":[{"id":94692,"href":"https:\/\/www.brennerbasisdemokratie.eu\/index.php?rest_route=\/wp\/v2\/posts\/199\/revisions\/94692"}],"wp:attachment":[{"href":"https:\/\/www.brennerbasisdemokratie.eu\/index.php?rest_route=%2Fwp%2Fv2%2Fmedia&parent=199"}],"wp:term":[{"taxonomy":"category","embeddable":true,"href":"https:\/\/www.brennerbasisdemokratie.eu\/index.php?rest_route=%2Fwp%2Fv2%2Fcategories&post=199"},{"taxonomy":"post_tag","embeddable":true,"href":"https:\/\/www.brennerbasisdemokratie.eu\/index.php?rest_route=%2Fwp%2Fv2%2Ftags&post=199"}],"curies":[{"name":"wp","href":"https:\/\/api.w.org\/{rel}","templated":true}]}}