{"id":20,"date":"2006-01-21T22:09:00","date_gmt":"2006-01-21T21:09:00","guid":{"rendered":"http:\/\/www.selbstbestimmung.net\/?p=20"},"modified":"2025-10-08T23:03:42","modified_gmt":"2025-10-08T21:03:42","slug":"herr-mobilitatslandesrat","status":"publish","type":"post","link":"https:\/\/www.brennerbasisdemokratie.eu\/?p=20","title":{"rendered":"Herr Mobilit\u00e4tslandesrat."},"content":{"rendered":"<p>Der Herr Landesrat ist zweifelsfrei ein streitbarer Genosse. Sein rei\u00dferisches Benehmen und eine unterschwellige Verachtung f\u00fcr Mitbestimmung (vgl. Brennerbasistunnel oder <a href=\"http:\/\/www.brennerbasisdemokratie.eu\/?p=29\">Frizzi-Au<\/a>) sind gewiss nicht die feine englische Art. Andererseits muss man bei k\u00fchler Analyse der Fakten auch gewisse Ergebnisse seiner Politik honorieren: Anders als bei seinen Vorg\u00e4ngern tut sich \u2014 allen Unkenrufen zum Trotz \u2014 endlich etwas in S\u00fcdtirols <a href=\"http:\/\/de.wikipedia.org\/wiki\/%C3%96PNV\">\u00d6PNV<\/a>. Mit dem ehrgeizigen Projekt \u00bbS\u00fcdtiroltakt\u00ab (kurz: nach Schweizer Vorbild alle \u00d6ffis aufeinander abstimmen und in einen vern\u00fcnftigen, leicht zu merkenden \u00bbTakt\u00ab bringen) h\u00e4lt endlich Kundenfreundlichkeit in den bis dato miefigen S\u00fcdtiroler Nahverkehr ein, ein klarer Pluspunkt f\u00fcr ein \u00f6kologischeres Mobilit\u00e4tsverhalten im Land.<\/p>\n<p>Dass der Landesrat seinem Ego entsprechend vor allem Medienwirksamkeit und auch schon mal Prestigeprojekte bevorzugt ist dabei nicht kontraproduktiv: Die Vinschgerbahn hat gezeigt, dass neben Funktionalit\u00e4t auch ein klares Image, <em>Corporate Design<\/em> und \u00d6ffentlichkeitswirksamkeit vonn\u00f6ten sind, wenn man einen Dienst etablieren m\u00f6chte. Dieser Aspekt wird in S\u00fcdtirol i.d.R. nach wie vor vernachl\u00e4ssigt, der Mobilit\u00e4tslandesrat hat aber als Wahlkampfmanager Erfahrung mit effizenter PR-Arbeit. Weiter so, aber bitte etwas mehr Demut vor dem Souver\u00e4n.<\/p>\n<p>Und vielleicht schon bald noch mehr Bahn in die Zust\u00e4ndigkeit des Landes holen!<\/p>","protected":false},"excerpt":{"rendered":"<p>Der Herr Landesrat ist zweifelsfrei ein streitbarer Genosse. Sein rei\u00dferisches Benehmen und eine unterschwellige Verachtung f\u00fcr Mitbestimmung (vgl. Brennerbasistunnel oder Frizzi-Au) sind gewiss nicht die feine englische Art. Andererseits muss man bei k\u00fchler Analyse der Fakten auch gewisse Ergebnisse seiner Politik honorieren: Anders als bei seinen Vorg\u00e4ngern tut sich \u2014 allen Unkenrufen zum Trotz \u2014 [&hellip;]<\/p>","protected":false},"author":1,"featured_media":0,"comment_status":"open","ping_status":"open","sticky":false,"template":"","format":"standard","meta":{"_crdt_document":"","ngg_post_thumbnail":0,"_jetpack_memberships_contains_paid_content":false,"footnotes":""},"categories":[1],"tags":[],"class_list":["post-20","post","type-post","status-publish","format-standard","hentry","category-allgemein","entity-svp","issue-good-news","location-sudtirolo","location-svizra","language-deutsch","person-thomas-widmann","topic-ecologia","topic-medien","topic-mitbestimmung","topic-ov","topic-tech_com","topic-zustaendigkeiten"],"jetpack_featured_media_url":"","jetpack_sharing_enabled":true,"_links":{"self":[{"href":"https:\/\/www.brennerbasisdemokratie.eu\/index.php?rest_route=\/wp\/v2\/posts\/20","targetHints":{"allow":["GET"]}}],"collection":[{"href":"https:\/\/www.brennerbasisdemokratie.eu\/index.php?rest_route=\/wp\/v2\/posts"}],"about":[{"href":"https:\/\/www.brennerbasisdemokratie.eu\/index.php?rest_route=\/wp\/v2\/types\/post"}],"author":[{"embeddable":true,"href":"https:\/\/www.brennerbasisdemokratie.eu\/index.php?rest_route=\/wp\/v2\/users\/1"}],"replies":[{"embeddable":true,"href":"https:\/\/www.brennerbasisdemokratie.eu\/index.php?rest_route=%2Fwp%2Fv2%2Fcomments&post=20"}],"version-history":[{"count":4,"href":"https:\/\/www.brennerbasisdemokratie.eu\/index.php?rest_route=\/wp\/v2\/posts\/20\/revisions"}],"predecessor-version":[{"id":48085,"href":"https:\/\/www.brennerbasisdemokratie.eu\/index.php?rest_route=\/wp\/v2\/posts\/20\/revisions\/48085"}],"wp:attachment":[{"href":"https:\/\/www.brennerbasisdemokratie.eu\/index.php?rest_route=%2Fwp%2Fv2%2Fmedia&parent=20"}],"wp:term":[{"taxonomy":"category","embeddable":true,"href":"https:\/\/www.brennerbasisdemokratie.eu\/index.php?rest_route=%2Fwp%2Fv2%2Fcategories&post=20"},{"taxonomy":"post_tag","embeddable":true,"href":"https:\/\/www.brennerbasisdemokratie.eu\/index.php?rest_route=%2Fwp%2Fv2%2Ftags&post=20"}],"curies":[{"name":"wp","href":"https:\/\/api.w.org\/{rel}","templated":true}]}}