{"id":20316,"date":"2014-08-27T21:55:46","date_gmt":"2014-08-27T19:55:46","guid":{"rendered":"http:\/\/www.brennerbasisdemokratie.eu\/?p=20316"},"modified":"2026-01-28T18:48:14","modified_gmt":"2026-01-28T17:48:14","slug":"pd-gegen-sudtirolo","status":"publish","type":"post","link":"https:\/\/www.brennerbasisdemokratie.eu\/?p=20316","title":{"rendered":"PD gegen \u203aSudtirolo\u2039."},"content":{"rendered":"<p>Das Land hat auf Vorsto\u00df von Landesr\u00e4tin Martha Stocker (<abbr title=\"S\u00fcdtiroler Volkspartei\">SVP<\/abbr>) beschlossen, die Auslandss\u00fcdtiroler <em>(S\u00fcdtiroler in der Welt)<\/em> auf Italienisch fortan nicht mehr als <em>altoatesini all&#8217;estero,<\/em> sondern als <em>sudtirolesi nel mondo<\/em> zu bezeichnen, wobei dies gar kein mutiger Schritt, sondern eine Anpassung an die Realit\u00e4t ist: Der KVW, der die gesamte Arbeit in diesem Bereich \u00fcbernommen hat, <a title=\"KVW: Sudtirolesi nel mondo.\" href=\"http:\/\/www.kvw.org\/de\/suedtiroler-in-der-welt\/wer-wir-sind\/chi-siamo\/\" target=\"_blank\" rel=\"noopener noreferrer\">benutzt<\/a> den Begriff schon seit geraumer Zeit. Trotzdem ist es sch\u00f6n, dass das \u2018trennende\u2019 <em>A. Adige<\/em> auch amtssprachlich zumindest etwas aufgeweicht wird.<\/p>\n<p>Doch prompt meldet sich Widerstand, nat\u00fcrlich von den Postfaschisten. \u2014 Nein, weit gefehlt: Es ist Vanda Carbone vom Meraner <abbr title=\"Partito Democratico\">PD<\/abbr>, die <a title=\"A.A.: Via gli altoatesini...\" href=\"http:\/\/altoadige.gelocal.it\/bolzano\/cronaca\/2014\/08\/26\/news\/via-gli-altoatesini-nel-mondo-solo-sudtirolesi-1.9822483\" target=\"_blank\" rel=\"noopener noreferrer\">sich beschwert<\/a>, man w\u00fcrde mit dieser Bezeichnung die Komplexit\u00e4t unseres Landes verschleiern, die auch sein Reichtum sei. <em>Per se<\/em> ist \u00bbKomplexit\u00e4t\u00ab jedoch kein positiv konnotierter Begriff, kann er hier doch einerseits f\u00fcr \u00bbPluralismus\u00ab, andererseits f\u00fcr \u00bbTrennung\u00ab stehen. Und die zwanghafte Aufrechterhaltung strikt getrennter Landesbezeichnungen f\u00fcr italienisch- und deutschsprachige S\u00fcdtirolerinnen f\u00e4llt wohl recht eindeutig in zweitere Kategorie. Ein gemeinsamer Name hingegen w\u00e4re ein symbolischer Schritt zu mehr Inklusion und in Richtung einer gemeinsamen Heimat.<\/p>\n<p><strong><span style=\"font-family: Helvetica, Arial, sans-serif; text-transform: uppercase;\">C\u00ebla enghe:<\/span><\/strong> <a title=\"Il PD del monolinguismo a senso unico.\" href=\"http:\/\/www.brennerbasisdemokratie.eu\/?p=14361\"><code>01<\/code><\/a> <a title=\"Wer solche Freunde hat\u2026\" href=\"http:\/\/www.brennerbasisdemokratie.eu\/?p=613\"><code>02<\/code><\/a> <a title=\"Autogenes Training f\u00fcr S\u00fcdtirol.\" href=\"http:\/\/www.brennerbasisdemokratie.eu\/?p=89\"><code>03<\/code><\/a> <a title=\"Lidia Menapace e il Sudtirolo.\" href=\"https:\/\/www.brennerbasisdemokratie.eu\/?p=5711\" rel=\"\"><code>04<\/code><\/a><\/p>","protected":false},"excerpt":{"rendered":"<p>Das Land hat auf Vorsto\u00df von Landesr\u00e4tin Martha Stocker (SVP) beschlossen, die Auslandss\u00fcdtiroler (S\u00fcdtiroler in der Welt) auf Italienisch fortan nicht mehr als altoatesini all&#8217;estero, sondern als sudtirolesi nel mondo zu bezeichnen, wobei dies gar kein mutiger Schritt, sondern eine Anpassung an die Realit\u00e4t ist: Der KVW, der die gesamte Arbeit in diesem Bereich \u00fcbernommen [&hellip;]<\/p>","protected":false},"author":1,"featured_media":0,"comment_status":"open","ping_status":"open","sticky":false,"template":"","format":"standard","meta":{"_crdt_document":"","ngg_post_thumbnail":0,"_jetpack_memberships_contains_paid_content":false,"footnotes":""},"categories":[1],"tags":[],"class_list":["post-20316","post","type-post","status-publish","format-standard","hentry","category-allgemein","entity-pd","entity-svp","issue-sx-di-dx","location-sudtirolo","language-deutsch","medium-aa","person-martha-stocker","person-vanda-carbone","topic-kohasion","topic-medien","topic-migraziun","topic-ortsnamen","topic-politik"],"jetpack_featured_media_url":"","jetpack_sharing_enabled":true,"_links":{"self":[{"href":"https:\/\/www.brennerbasisdemokratie.eu\/index.php?rest_route=\/wp\/v2\/posts\/20316","targetHints":{"allow":["GET"]}}],"collection":[{"href":"https:\/\/www.brennerbasisdemokratie.eu\/index.php?rest_route=\/wp\/v2\/posts"}],"about":[{"href":"https:\/\/www.brennerbasisdemokratie.eu\/index.php?rest_route=\/wp\/v2\/types\/post"}],"author":[{"embeddable":true,"href":"https:\/\/www.brennerbasisdemokratie.eu\/index.php?rest_route=\/wp\/v2\/users\/1"}],"replies":[{"embeddable":true,"href":"https:\/\/www.brennerbasisdemokratie.eu\/index.php?rest_route=%2Fwp%2Fv2%2Fcomments&post=20316"}],"version-history":[{"count":11,"href":"https:\/\/www.brennerbasisdemokratie.eu\/index.php?rest_route=\/wp\/v2\/posts\/20316\/revisions"}],"predecessor-version":[{"id":97696,"href":"https:\/\/www.brennerbasisdemokratie.eu\/index.php?rest_route=\/wp\/v2\/posts\/20316\/revisions\/97696"}],"wp:attachment":[{"href":"https:\/\/www.brennerbasisdemokratie.eu\/index.php?rest_route=%2Fwp%2Fv2%2Fmedia&parent=20316"}],"wp:term":[{"taxonomy":"category","embeddable":true,"href":"https:\/\/www.brennerbasisdemokratie.eu\/index.php?rest_route=%2Fwp%2Fv2%2Fcategories&post=20316"},{"taxonomy":"post_tag","embeddable":true,"href":"https:\/\/www.brennerbasisdemokratie.eu\/index.php?rest_route=%2Fwp%2Fv2%2Ftags&post=20316"}],"curies":[{"name":"wp","href":"https:\/\/api.w.org\/{rel}","templated":true}]}}