{"id":20385,"date":"2014-08-30T23:05:40","date_gmt":"2014-08-30T21:05:40","guid":{"rendered":"http:\/\/www.brennerbasisdemokratie.eu\/?p=20385"},"modified":"2023-05-14T01:21:31","modified_gmt":"2023-05-13T23:21:31","slug":"gehorchen-ja-aber-wem","status":"publish","type":"post","link":"https:\/\/www.brennerbasisdemokratie.eu\/?p=20385","title":{"rendered":"Gehorchen ja, aber wem?"},"content":{"rendered":"<p>Die erste Rede, die David Fern\u00e0ndez von der links-partizipativen <abbr title=\"Candidatura d\u2019Unitat Popular\">CUP<\/abbr> im katalanischen Parlament hielt, hatte ich als <a title=\"Politische Sternstunde.\" href=\"http:\/\/www.brennerbasisdemokratie.eu\/?p=13497\">politische Sternstunde<\/a> bezeichnet. <a title=\"TV3: Entrevista estiu David Fernandez.\" href=\"http:\/\/www.tv3.cat\/videos\/5213311\/David-Fernandez\" target=\"_blank\" rel=\"noopener noreferrer\">Im Sommergespr\u00e4ch<\/a> mit dem \u00f6ffentlich-rechtlichen Sender TV3 erkl\u00e4rte er nun, was er sich von der geplanten Volksabstimmung am 9. November erwartet, bei der die Katalaninnen ihre Position zur Losl\u00f6sung von Spanien kundtun sollen. Einige Ausz\u00fcge.<\/p>\n<p>Falls das spanische Verfassungsgericht die Einberufung zur Volksabstimmung vom 9. November annullieren sollte\u2026<\/p>\n<blockquote><p>\u2026werden wir als CUP mehrfachen Gehorsam und einen Ungehorsam vorschlagen \u2014 einen klaren Ungehorsam gegen\u00fcber dem, was das Verfassungsgericht befindet, denn zw\u00f6lf Richter stehen nicht \u00fcber der katalanischen Legitimit\u00e4t. Das Land, die Regierung und die politisch-gesellschaftlichen Akteure st\u00fcnden dann vor dem Dilemma, ob der Prozess fortschreitet oder zur\u00fcckgespult wird. Wem gehorchen sie? Gehorchen sie dem spanischen Verfassungsgericht, einem h\u00f6chst politisierten Gericht, das unter der Fuchtel der Zentralregierung steht oder gehorchen sie einem klaren gesellschaftlichen, politischen und demokratischen Mandat? Dieses Mandat ergibt sich aus den Wahlen, aus der Tatsache, dass 80% der katalanischen Gesellschaft hinter der Volksabstimmung stehen und aus dem Abkommen vom 12. Dezember [als katalanische Parteien Datum und Fragestellung der Abstimmung <a title=\"Katalonien setzt Referendum fest.\" href=\"http:\/\/www.brennerbasisdemokratie.eu\/?p=17661\">vereinbarten<\/a>, Anm.]. Wir m\u00fcssen also entscheiden, ob wir der Demokratie gehorchen oder nicht, und wir als CUP werden der Demokratie sicher nicht entsagen. Also werden wir fordern, dass die Abstimmung am 9. November stattfindet, denn wir haben keinen anderen Plan, als in jedem Fall abzustimmen.<\/p><\/blockquote>\n<p>Den Einwand, ob man es sich mit dem zivilen Ungehorsam nicht zu einfach mache, entkr\u00e4ftet er.<\/p>\n<blockquote><p>Der zivile, friedliche, soziale Ungehorsam bedeutet, alle Konsequenzen auf sich zu nehmen, die sich daraus ergeben. So ging es auch den Ungehorsamen, die im Februar 1989 aufgrund ihrer antimilitaristischen Kultur sagten, dass sie nicht f\u00fcr das spanische Heer k\u00e4mpfen, t\u00f6ten und sterben wollten. Diese 20 Leute sind damals im Gef\u00e4ngnis gelandet.<\/p><\/blockquote>\n<p>In der Folge wurde auch in Spanien der Zivildienst eingef\u00fchrt.<\/p>\n<blockquote><p>Das Problem, das wir als Land und als Gesellschaft haben werden ist, dass vor dem 9. November einige versuchen werden, Demokratie zu verhindern \u2014 und zu verbieten, dass die Meinung der Gesellschaft erhoben wird; denn die Befragung vom 9. November ist nicht bindend; sie hat keine unmittelbaren rechtlichen Folgen, sondern erm\u00f6glicht es, den Willen der B\u00fcrgerInnen in Erfahrung zu bringen. [\u2026] Die gro\u00dfe Frage ist hier nicht, ob das Verfassungsgericht die Abstimmung verbieten wird, sondern wie wir als Land auf dieses Verbot reagieren werden.<\/p><\/blockquote>\n<p><em><small>\u00dcbersetzung: <img class=\"bbdlogo\" src=\"https:\/\/www.brennerbasisdemokratie.eu\/wp-content\/uploads\/bbdsmileys\/bbde.png\"><\/small><\/em><\/p>\n<p><strong><span style=\"font-family: Helvetica, Arial, sans-serif; text-transform: uppercase;\">C\u00ebla enghe:<\/span><\/strong> <a title=\"\u00abDisobbedire al TC, non al popolo.\u00bb\" href=\"https:\/\/www.brennerbasisdemokratie.eu\/?p=20168\"><code>01<\/code><\/a>\u00a0<span style=\"font-family: Helvetica, Arial, sans-serif; font-weight: normal;\">||<\/span> <a title=\"Die CUP will ein Referendum vor 2025.\" href=\"https:\/\/www.brennerbasisdemokratie.eu\/?p=62177\"><span style=\"color: #ff8c00\"><code>01<\/code><\/span><\/a><\/p>","protected":false},"excerpt":{"rendered":"<p>Die erste Rede, die David Fern\u00e0ndez von der links-partizipativen CUP im katalanischen Parlament hielt, hatte ich als politische Sternstunde bezeichnet. Im Sommergespr\u00e4ch mit dem \u00f6ffentlich-rechtlichen Sender TV3 erkl\u00e4rte er nun, was er sich von der geplanten Volksabstimmung am 9. November erwartet, bei der die Katalaninnen ihre Position zur Losl\u00f6sung von Spanien kundtun sollen. Einige Ausz\u00fcge. [&hellip;]<\/p>","protected":false},"author":1,"featured_media":0,"comment_status":"open","ping_status":"open","sticky":false,"template":"","format":"standard","meta":{"_crdt_document":"","ngg_post_thumbnail":0,"_jetpack_memberships_contains_paid_content":false,"footnotes":""},"categories":[1],"tags":[],"class_list":["post-20385","post","type-post","status-publish","format-standard","hentry","category-allgemein","entity-cup","issue-zitac","location-catalunya","language-deutsch","medium-ccma","topic-democrazia","topic-medien","topic-militar","topic-mitbestimmung","topic-politik","topic-recht","topic-ungehorsam"],"jetpack_featured_media_url":"","jetpack_sharing_enabled":true,"_links":{"self":[{"href":"https:\/\/www.brennerbasisdemokratie.eu\/index.php?rest_route=\/wp\/v2\/posts\/20385","targetHints":{"allow":["GET"]}}],"collection":[{"href":"https:\/\/www.brennerbasisdemokratie.eu\/index.php?rest_route=\/wp\/v2\/posts"}],"about":[{"href":"https:\/\/www.brennerbasisdemokratie.eu\/index.php?rest_route=\/wp\/v2\/types\/post"}],"author":[{"embeddable":true,"href":"https:\/\/www.brennerbasisdemokratie.eu\/index.php?rest_route=\/wp\/v2\/users\/1"}],"replies":[{"embeddable":true,"href":"https:\/\/www.brennerbasisdemokratie.eu\/index.php?rest_route=%2Fwp%2Fv2%2Fcomments&post=20385"}],"version-history":[{"count":14,"href":"https:\/\/www.brennerbasisdemokratie.eu\/index.php?rest_route=\/wp\/v2\/posts\/20385\/revisions"}],"predecessor-version":[{"id":78469,"href":"https:\/\/www.brennerbasisdemokratie.eu\/index.php?rest_route=\/wp\/v2\/posts\/20385\/revisions\/78469"}],"wp:attachment":[{"href":"https:\/\/www.brennerbasisdemokratie.eu\/index.php?rest_route=%2Fwp%2Fv2%2Fmedia&parent=20385"}],"wp:term":[{"taxonomy":"category","embeddable":true,"href":"https:\/\/www.brennerbasisdemokratie.eu\/index.php?rest_route=%2Fwp%2Fv2%2Fcategories&post=20385"},{"taxonomy":"post_tag","embeddable":true,"href":"https:\/\/www.brennerbasisdemokratie.eu\/index.php?rest_route=%2Fwp%2Fv2%2Ftags&post=20385"}],"curies":[{"name":"wp","href":"https:\/\/api.w.org\/{rel}","templated":true}]}}