{"id":20756,"date":"2014-09-12T19:36:07","date_gmt":"2014-09-12T17:36:07","guid":{"rendered":"http:\/\/www.brennerbasisdemokratie.eu\/?p=20756"},"modified":"2025-11-20T11:12:11","modified_gmt":"2025-11-20T10:12:11","slug":"mehr-kleinstaaten-mehr-integration","status":"publish","type":"post","link":"https:\/\/www.brennerbasisdemokratie.eu\/?p=20756","title":{"rendered":"Mehr Kleinstaaten \u2014 mehr Integration!"},"content":{"rendered":"<p>Der scheidende EU-Kommissar f\u00fcr Energie und zuk\u00fcnftige Kommissar f\u00fcr digitale Wirtschaft, G\u00fcnther Oettinger, wird in der <em>S\u00fcddeutschen Zeitung<\/em> vom 11.09.2014 mit folgender Aussage zitiert:<\/p>\n<blockquote><p>Die Kleinstaaterei im Energiesektor m\u00fcsse aufh\u00f6ren. Allein k\u00f6nne keiner in der EU gegen die anderen in der Welt bestehen: &#8220;Die kleinen Staaten wissen es schon, die gro\u00dfen noch nicht&#8221;.<\/p><\/blockquote>\n<p>Von dieser Aussage l\u00e4sst sich folgendes ableiten:<\/p>\n<ol>\n<li>Kleine EU-Mitgliedsstaaten sind kooperationswilliger als gro\u00dfe. Aufgrund ihrer geringen Gr\u00f6\u00dfe wissen die Kleinen, dass es ohne Kooperation und Integration nicht geht.<\/li>\n<li>Kleinstaaterei wird zwar h\u00e4ufig mit \u00bbKleinstaat\u00ab in Verbindung gebracht, betrieben wird diese aber von den gro\u00dfen EU-Staaten. Diese sind f\u00fcr die weitere europ\u00e4ische Integration zu gro\u00df, im globalisierten Kontext aber zu klein um noch eine nennenswerte Rolle zu spielen. Dies haben die gro\u00dfen EU-Staaten augenscheinlich noch nicht zur G\u00e4nze verstanden, die kleinen Staaten schon.<\/li>\n<li>Der Vorwurf, durch neue Staatengr\u00fcndungen innerhalb der EU w\u00fcrde die europ\u00e4ische Integration aufs Spiel gesetzt, ist falsch. Laut Burkhart M\u00fcller, <em>S\u00fcddeutsche Zeitung<\/em> vom 8.11.2011, bedrohen die Unabh\u00e4ngigkeitsbestrebungen Europa nicht, sondern sind eine Konsequenz der Integration. Konkret:<br \/>\n<blockquote><p>Nicht nur die Vernetzung, auch die Entmachtung und Entm\u00fcndigung der Staaten ist durch die krisenhaften Vorg\u00e4nge der vergangenen Jahre so stark vorangetrieben worden, dass die neuen Regionalstaaten nicht so sehr aus ihrem bisherigen Mutterstaat heraus \u2013 als vielmehr in den Scho\u00df Europas mit seinen innig verschlungenen Wirtschaftsbeziehungen hineinfallen w\u00fcrden. [\u2026] Solch ein Staatenverfall w\u00e4re nicht Ausdruck von Desintegration, sondern im Gegenteil als Folge gesteigerter Integration zu werten.<\/p><\/blockquote>\n<\/li>\n<li>Sollten in den n\u00e4chsten Jahren innerhalb der EU neue unabh\u00e4ngige Staaten entstehen, ist dies eine Chance zu mehr Integration. Der Ball liegt bei der EU, diese Gelegenheit zu n\u00fctzen und <a title=\"Manifest f\u00fcr die Begr\u00fcndung einer Europ\u00e4ischen Republik.\" href=\"http:\/\/www.brennerbasisdemokratie.eu\/?p=14791\">im Sinne von Robert Menasse<\/a> ein Europa von unabh\u00e4ngigen, europ\u00e4ischen Regionen unterst\u00fctzend zu begleiten.<\/li>\n<\/ol>\n<p><strong><span style=\"font-family: Helvetica, Arial, sans-serif; text-transform: uppercase;\">C\u00ebla enghe:<\/span><\/strong> <a title=\"Separatismus &amp; EU.\" href=\"https:\/\/www.brennerbasisdemokratie.eu\/?p=14186\"><code>01<\/code><\/a> <span style=\"font-family: Helvetica, Arial, sans-serif; font-weight: normal;\">||<\/span> <a title=\"Sudtirolo indipendente, possibile modello per l\u2019Unione europea.\" href=\"https:\/\/www.brennerbasisdemokratie.eu\/?p=96232\"><span style=\"color: #ff8c00\"><code>01<\/code><\/span><\/a><\/p>","protected":false},"excerpt":{"rendered":"<p>Der scheidende EU-Kommissar f\u00fcr Energie und zuk\u00fcnftige Kommissar f\u00fcr digitale Wirtschaft, G\u00fcnther Oettinger, wird in der S\u00fcddeutschen Zeitung vom 11.09.2014 mit folgender Aussage zitiert: Die Kleinstaaterei im Energiesektor m\u00fcsse aufh\u00f6ren. Allein k\u00f6nne keiner in der EU gegen die anderen in der Welt bestehen: &#8220;Die kleinen Staaten wissen es schon, die gro\u00dfen noch nicht&#8221;. Von dieser [&hellip;]<\/p>","protected":false},"author":9,"featured_media":0,"comment_status":"open","ping_status":"open","sticky":false,"template":"","format":"standard","meta":{"_crdt_document":"","ngg_post_thumbnail":0,"_jetpack_memberships_contains_paid_content":false,"footnotes":""},"categories":[1],"tags":[],"class_list":["post-20756","post","type-post","status-publish","format-standard","hentry","category-allgemein","entity-eu-kommission","entity-eu","issue-good-news","issue-zitac","location-europa","language-deutsch","medium-sz","person-menasse","topic-kleinstaaten","topic-kohasion","topic-medien"],"jetpack_featured_media_url":"","jetpack_sharing_enabled":true,"_links":{"self":[{"href":"https:\/\/www.brennerbasisdemokratie.eu\/index.php?rest_route=\/wp\/v2\/posts\/20756","targetHints":{"allow":["GET"]}}],"collection":[{"href":"https:\/\/www.brennerbasisdemokratie.eu\/index.php?rest_route=\/wp\/v2\/posts"}],"about":[{"href":"https:\/\/www.brennerbasisdemokratie.eu\/index.php?rest_route=\/wp\/v2\/types\/post"}],"author":[{"embeddable":true,"href":"https:\/\/www.brennerbasisdemokratie.eu\/index.php?rest_route=\/wp\/v2\/users\/9"}],"replies":[{"embeddable":true,"href":"https:\/\/www.brennerbasisdemokratie.eu\/index.php?rest_route=%2Fwp%2Fv2%2Fcomments&post=20756"}],"version-history":[{"count":13,"href":"https:\/\/www.brennerbasisdemokratie.eu\/index.php?rest_route=\/wp\/v2\/posts\/20756\/revisions"}],"predecessor-version":[{"id":96255,"href":"https:\/\/www.brennerbasisdemokratie.eu\/index.php?rest_route=\/wp\/v2\/posts\/20756\/revisions\/96255"}],"wp:attachment":[{"href":"https:\/\/www.brennerbasisdemokratie.eu\/index.php?rest_route=%2Fwp%2Fv2%2Fmedia&parent=20756"}],"wp:term":[{"taxonomy":"category","embeddable":true,"href":"https:\/\/www.brennerbasisdemokratie.eu\/index.php?rest_route=%2Fwp%2Fv2%2Fcategories&post=20756"},{"taxonomy":"post_tag","embeddable":true,"href":"https:\/\/www.brennerbasisdemokratie.eu\/index.php?rest_route=%2Fwp%2Fv2%2Ftags&post=20756"}],"curies":[{"name":"wp","href":"https:\/\/api.w.org\/{rel}","templated":true}]}}