{"id":208,"date":"2006-10-10T12:24:41","date_gmt":"2006-10-10T10:24:41","guid":{"rendered":"http:\/\/www.selbstbestimmung.net\/?p=208"},"modified":"2020-08-26T22:52:48","modified_gmt":"2020-08-26T20:52:48","slug":"die-kunst-ist-freiheitlich","status":"publish","type":"post","link":"https:\/\/www.brennerbasisdemokratie.eu\/?p=208","title":{"rendered":"Art. 5 GG: \u00bbDie Kunst ist freiheitlich\u00ab."},"content":{"rendered":"<p>Gerade w\u00e4hrend in Berlin die Wogen hochgehen, weil an der Deutschen Oper die Auff\u00fchrungen von Mozarts <strong>Idomeneo<\/strong> aus zweifelhaften Sicherheitsgr\u00fcnden unterbrochen wurden, verschwindet in Bozen sang- und klanglos eine Kunstinstallation: Aus rein <strong>politisch-ideologischen Gr\u00fcnden<\/strong> \u2014 weil sie angeblich (!) dem Kommunismus huldige. Die Kunst, sie ist in S\u00fcdtirol nicht frei.<\/p>","protected":false},"excerpt":{"rendered":"<p>Gerade w\u00e4hrend in Berlin die Wogen hochgehen, weil an der Deutschen Oper die Auff\u00fchrungen von Mozarts Idomeneo aus zweifelhaften Sicherheitsgr\u00fcnden unterbrochen wurden, verschwindet in Bozen sang- und klanglos eine Kunstinstallation: Aus rein politisch-ideologischen Gr\u00fcnden \u2014 weil sie angeblich (!) dem Kommunismus huldige. Die Kunst, sie ist in S\u00fcdtirol nicht frei.<\/p>","protected":false},"author":1,"featured_media":0,"comment_status":"open","ping_status":"open","sticky":false,"template":"","format":"standard","meta":{"_crdt_document":"","ngg_post_thumbnail":0,"_jetpack_memberships_contains_paid_content":false,"footnotes":""},"categories":[1],"tags":[],"class_list":["post-208","post","type-post","status-publish","format-standard","hentry","category-allgemein","location-sudtirolo","language-deutsch","topic-kunstcultura","topic-feuilleton","topic-grundrechte","topic-kunst","topic-recht"],"jetpack_featured_media_url":"","jetpack_sharing_enabled":true,"_links":{"self":[{"href":"https:\/\/www.brennerbasisdemokratie.eu\/index.php?rest_route=\/wp\/v2\/posts\/208","targetHints":{"allow":["GET"]}}],"collection":[{"href":"https:\/\/www.brennerbasisdemokratie.eu\/index.php?rest_route=\/wp\/v2\/posts"}],"about":[{"href":"https:\/\/www.brennerbasisdemokratie.eu\/index.php?rest_route=\/wp\/v2\/types\/post"}],"author":[{"embeddable":true,"href":"https:\/\/www.brennerbasisdemokratie.eu\/index.php?rest_route=\/wp\/v2\/users\/1"}],"replies":[{"embeddable":true,"href":"https:\/\/www.brennerbasisdemokratie.eu\/index.php?rest_route=%2Fwp%2Fv2%2Fcomments&post=208"}],"version-history":[{"count":2,"href":"https:\/\/www.brennerbasisdemokratie.eu\/index.php?rest_route=\/wp\/v2\/posts\/208\/revisions"}],"predecessor-version":[{"id":28246,"href":"https:\/\/www.brennerbasisdemokratie.eu\/index.php?rest_route=\/wp\/v2\/posts\/208\/revisions\/28246"}],"wp:attachment":[{"href":"https:\/\/www.brennerbasisdemokratie.eu\/index.php?rest_route=%2Fwp%2Fv2%2Fmedia&parent=208"}],"wp:term":[{"taxonomy":"category","embeddable":true,"href":"https:\/\/www.brennerbasisdemokratie.eu\/index.php?rest_route=%2Fwp%2Fv2%2Fcategories&post=208"},{"taxonomy":"post_tag","embeddable":true,"href":"https:\/\/www.brennerbasisdemokratie.eu\/index.php?rest_route=%2Fwp%2Fv2%2Ftags&post=208"}],"curies":[{"name":"wp","href":"https:\/\/api.w.org\/{rel}","templated":true}]}}