{"id":21204,"date":"2014-10-15T01:36:47","date_gmt":"2014-10-14T23:36:47","guid":{"rendered":"http:\/\/www.brennerbasisdemokratie.eu\/?p=21204"},"modified":"2014-12-12T23:51:38","modified_gmt":"2014-12-12T22:51:38","slug":"9n-der-neue-plan","status":"publish","type":"post","link":"https:\/\/www.brennerbasisdemokratie.eu\/?p=21204","title":{"rendered":"9N, der neue Plan."},"content":{"rendered":"<p>Nachdem die katalanische Regierung beschlossen hatte, die <a title=\"Catalogna, gettate le basi legali.\" href=\"http:\/\/www.brennerbasisdemokratie.eu\/?p=20901\">auf Grundlage des neuen B\u00fcrgerbeteiligungsgesetzes<\/a> anberaumte <a title=\"Autodeterminazione, convocati i catalani.\" href=\"http:\/\/www.brennerbasisdemokratie.eu\/?p=20957\">Volksbefragung<\/a> abzusagen, da sie vom spanischen Verfassungsgericht <a title=\"Spanien hebt Volksabstimmung auf.\" href=\"http:\/\/www.brennerbasisdemokratie.eu\/?p=20981\">vorl\u00e4ufig aufgehoben<\/a> wurde, <a title=\"9N: Keine Einigung zum weiteren Vorgehen.\" href=\"http:\/\/www.brennerbasisdemokratie.eu\/?p=21185\">k\u00fcndigte Pr\u00e4sident Artur Mas eine alternative Abstimmung an.<\/a> Einige Details dar\u00fcber, wie diese aussehen k\u00f6nnte, sind inzwischen durchgesickert und wurden von mehreren Medien \u00fcbereinstimmend wiedergegeben: So sollen sich die B\u00fcrgerinnen und B\u00fcrger, die an der Abstimmung teilnehmen wollen \u2014 wie schon in Schottland \u2014 vorher daf\u00fcr registrieren m\u00fcssen. Damit w\u00fcrde man die Schwierigkeiten umgehen, die bei der Benutzung der offiziellen Wahllisten entstehen k\u00f6nnten, insbesondere in Bezug auf das Datenschutzgesetz. Zudem sollen die eigentlichen Abstimmungshandlungen von Freiwilligen durchgef\u00fchrt werden, w\u00e4hrend sich die <em>Generalitat<\/em> um die gesamte Logistik k\u00fcmmern w\u00fcrde.<\/p>\n<p>ERC-Chef Oriol Junqueras hat inzwischen angek\u00fcndigt, diesen \u00bbneuen 9N\u00ab unterst\u00fctzen zu wollen, wenngleich er unterstrich, dass Mas&#8217; Vorschlag nicht seiner Idealvorstellung von einer Volksbefragung entspreche. Er rief jedoch alle Partner dazu auf, den Zusammenhalt der Selbstbestimmungsbef\u00fcrworter nicht aufzuk\u00fcndigen.<\/p>\n<p>Gr\u00fcnen-Chef Joan Herrera lancierte dagegen die Provokation, man k\u00f6nnte die Abstimmung ganz absagen \u2014 die B\u00fcrgerinnen und B\u00fcrger sollten aber am 9. November massenhaft \u00bbsymbolisch\u00ab vor den geschlossenen Wahllokalen Schlange stehen. Es gilt als wahrscheinlich, dass die Gr\u00fcnen den \u00bbneuen 9N\u00ab nicht mittragen.<\/p>\n<p>Die CUP hatte sich bereits zuvor positiv ge\u00e4u\u00dfert, hat aber noch keine endg\u00fcltige Zusage erteilt.<\/p>","protected":false},"excerpt":{"rendered":"<p>Nachdem die katalanische Regierung beschlossen hatte, die auf Grundlage des neuen B\u00fcrgerbeteiligungsgesetzes anberaumte Volksbefragung abzusagen, da sie vom spanischen Verfassungsgericht vorl\u00e4ufig aufgehoben wurde, k\u00fcndigte Pr\u00e4sident Artur Mas eine alternative Abstimmung an. Einige Details dar\u00fcber, wie diese aussehen k\u00f6nnte, sind inzwischen durchgesickert und wurden von mehreren Medien \u00fcbereinstimmend wiedergegeben: So sollen sich die B\u00fcrgerinnen und B\u00fcrger, [&hellip;]<\/p>","protected":false},"author":1,"featured_media":0,"comment_status":"open","ping_status":"open","sticky":false,"template":"","format":"standard","meta":{"_crdt_document":"","ngg_post_thumbnail":0,"_jetpack_memberships_contains_paid_content":false,"footnotes":""},"categories":[],"tags":[],"class_list":["post-21204","post","type-post","status-publish","format-standard","hentry","entity-verc","location-catalunya","topic-politik","topic-recht","topic-selbstbestimmung","topic-zentralismus"],"jetpack_featured_media_url":"","jetpack_sharing_enabled":true,"_links":{"self":[{"href":"https:\/\/www.brennerbasisdemokratie.eu\/index.php?rest_route=\/wp\/v2\/posts\/21204","targetHints":{"allow":["GET"]}}],"collection":[{"href":"https:\/\/www.brennerbasisdemokratie.eu\/index.php?rest_route=\/wp\/v2\/posts"}],"about":[{"href":"https:\/\/www.brennerbasisdemokratie.eu\/index.php?rest_route=\/wp\/v2\/types\/post"}],"author":[{"embeddable":true,"href":"https:\/\/www.brennerbasisdemokratie.eu\/index.php?rest_route=\/wp\/v2\/users\/1"}],"replies":[{"embeddable":true,"href":"https:\/\/www.brennerbasisdemokratie.eu\/index.php?rest_route=%2Fwp%2Fv2%2Fcomments&post=21204"}],"version-history":[{"count":4,"href":"https:\/\/www.brennerbasisdemokratie.eu\/index.php?rest_route=\/wp\/v2\/posts\/21204\/revisions"}],"predecessor-version":[{"id":21209,"href":"https:\/\/www.brennerbasisdemokratie.eu\/index.php?rest_route=\/wp\/v2\/posts\/21204\/revisions\/21209"}],"wp:attachment":[{"href":"https:\/\/www.brennerbasisdemokratie.eu\/index.php?rest_route=%2Fwp%2Fv2%2Fmedia&parent=21204"}],"wp:term":[{"taxonomy":"category","embeddable":true,"href":"https:\/\/www.brennerbasisdemokratie.eu\/index.php?rest_route=%2Fwp%2Fv2%2Fcategories&post=21204"},{"taxonomy":"post_tag","embeddable":true,"href":"https:\/\/www.brennerbasisdemokratie.eu\/index.php?rest_route=%2Fwp%2Fv2%2Ftags&post=21204"}],"curies":[{"name":"wp","href":"https:\/\/api.w.org\/{rel}","templated":true}]}}