{"id":21318,"date":"2014-10-24T12:27:15","date_gmt":"2014-10-24T10:27:15","guid":{"rendered":"http:\/\/www.brennerbasisdemokratie.eu\/?p=21318"},"modified":"2020-04-09T23:46:03","modified_gmt":"2020-04-09T21:46:03","slug":"anerkennung-suedtiroler-aerzte-muessen-klagen","status":"publish","type":"post","link":"https:\/\/www.brennerbasisdemokratie.eu\/?p=21318","title":{"rendered":"Anerkennung: Jung\u00e4rztinnen m\u00fcssen klagen."},"content":{"rendered":"<p>Unter Gesundheitslandesrat Richard Theiner (<abbr title=\"S\u00fcdtiroler Volkspartei\">SVP<\/abbr>) war die M\u00f6glichkeit eingef\u00fchrt worden, die \u00f6sterreichische Facharztausbildung teilweise an \u00f6ffentlichen Krankenh\u00e4usern in S\u00fcdtirol zu absolvieren, was im (angeblich) grenzenlosen Europa eigentlich eine Selbstverst\u00e4ndlichkeit sein sollte. Nicht so f\u00fcr das Wissenschaftsministerium in Rom, das sich offenbar in seiner Ehre verletzt sieht, wenn sich S\u00fcdtirolerinnen nicht nach italienischen Kriterien ausbilden lassen. Jedenfalls stellen sich die Beamtinnen in Rom quer und verweigern seit \u00fcber einem Jahr die Anerkennung der Facharzt-Titel. Rund 100 Jung\u00e4rztinnen warten so trotz \u00c4rztinnenmangels auf die Barmherzigkeit des Zentralstaats.<\/p>\n<p>Da auf politischer Ebene bislang keine Einigung erzielt werden konnte, verklagt nun die S\u00fcdtiroler Spitals\u00e4rztegewerkschaft BSK\/VSK gemeinsam mit sechs Betroffenen Italien vor dem Europ\u00e4ischen Gerichtshof. Dies berichtete das Tagblatt <em>Dolomiten<\/em> am vergangenen Montag. Gleichzeitig soll auch <a title=\"Solvit.\" href=\"http:\/\/ec.europa.eu\/solvit\/index_de.htm\">SOLVIT<\/a> eingeschaltet werden, eine Dienststelle der Europ\u00e4ischen Kommission, die f\u00fcr Verst\u00f6\u00dfe gegen EU-Recht im grenz\u00fcberschreitenden Verkehr zust\u00e4ndig ist. BSK\/VSK-Vorsitzender Ivano Simioni bezeichnete die Rechtsunsicherheit als eines der wichtigsten Probleme, die die Attraktivit\u00e4t S\u00fcdtirols als Arbeitsplatz f\u00fcr Jung\u00e4rztinnen massiv einschr\u00e4nken.<\/p>\n<p>Immer wieder versuchen italienische Beh\u00f6rden, gerade S\u00fcdtirol \u00bbin nationalen Grenzen zu halten\u00ab. So musste der Europ\u00e4ische Gerichtshof Italien gleich zweimal <a title=\"Sprache: EuGH widerspricht Kassation.\" href=\"http:\/\/www.brennerbasisdemokratie.eu\/?p=18609\">verurteilen<\/a>, weil es deutschsprachige Prozesse hierzulande auf Einheimische beschr\u00e4nken wollte.<\/p>","protected":false},"excerpt":{"rendered":"<p>Unter Gesundheitslandesrat Richard Theiner (SVP) war die M\u00f6glichkeit eingef\u00fchrt worden, die \u00f6sterreichische Facharztausbildung teilweise an \u00f6ffentlichen Krankenh\u00e4usern in S\u00fcdtirol zu absolvieren, was im (angeblich) grenzenlosen Europa eigentlich eine Selbstverst\u00e4ndlichkeit sein sollte. Nicht so f\u00fcr das Wissenschaftsministerium in Rom, das sich offenbar in seiner Ehre verletzt sieht, wenn sich S\u00fcdtirolerinnen nicht nach italienischen Kriterien ausbilden lassen. [&hellip;]<\/p>","protected":false},"author":1,"featured_media":0,"comment_status":"open","ping_status":"open","sticky":false,"template":"","format":"standard","meta":{"_crdt_document":"","ngg_post_thumbnail":0,"_jetpack_memberships_contains_paid_content":false,"footnotes":""},"categories":[1],"tags":[],"class_list":["post-21318","post","type-post","status-publish","format-standard","hentry","category-allgemein","entity-eu","entity-svp","location-sudtirolo","language-deutsch","medium-dolo","person-richard-theiner","topic-bildung","topic-buerokratismus","topic-gesundheit","topic-gewerkschaften","topic-grenzen","topic-medien","topic-politik","topic-recht","topic-staatland","topic-zentralismus"],"jetpack_featured_media_url":"","jetpack_sharing_enabled":true,"_links":{"self":[{"href":"https:\/\/www.brennerbasisdemokratie.eu\/index.php?rest_route=\/wp\/v2\/posts\/21318","targetHints":{"allow":["GET"]}}],"collection":[{"href":"https:\/\/www.brennerbasisdemokratie.eu\/index.php?rest_route=\/wp\/v2\/posts"}],"about":[{"href":"https:\/\/www.brennerbasisdemokratie.eu\/index.php?rest_route=\/wp\/v2\/types\/post"}],"author":[{"embeddable":true,"href":"https:\/\/www.brennerbasisdemokratie.eu\/index.php?rest_route=\/wp\/v2\/users\/1"}],"replies":[{"embeddable":true,"href":"https:\/\/www.brennerbasisdemokratie.eu\/index.php?rest_route=%2Fwp%2Fv2%2Fcomments&post=21318"}],"version-history":[{"count":7,"href":"https:\/\/www.brennerbasisdemokratie.eu\/index.php?rest_route=\/wp\/v2\/posts\/21318\/revisions"}],"predecessor-version":[{"id":56344,"href":"https:\/\/www.brennerbasisdemokratie.eu\/index.php?rest_route=\/wp\/v2\/posts\/21318\/revisions\/56344"}],"wp:attachment":[{"href":"https:\/\/www.brennerbasisdemokratie.eu\/index.php?rest_route=%2Fwp%2Fv2%2Fmedia&parent=21318"}],"wp:term":[{"taxonomy":"category","embeddable":true,"href":"https:\/\/www.brennerbasisdemokratie.eu\/index.php?rest_route=%2Fwp%2Fv2%2Fcategories&post=21318"},{"taxonomy":"post_tag","embeddable":true,"href":"https:\/\/www.brennerbasisdemokratie.eu\/index.php?rest_route=%2Fwp%2Fv2%2Ftags&post=21318"}],"curies":[{"name":"wp","href":"https:\/\/api.w.org\/{rel}","templated":true}]}}