{"id":21519,"date":"2014-11-05T17:40:22","date_gmt":"2014-11-05T16:40:22","guid":{"rendered":"http:\/\/www.brennerbasisdemokratie.eu\/?p=21519"},"modified":"2016-03-18T01:53:19","modified_gmt":"2016-03-18T00:53:19","slug":"21519","status":"publish","type":"post","link":"https:\/\/www.brennerbasisdemokratie.eu\/?p=21519","title":{"rendered":"Katalonien sucht Unterst\u00fctzung."},"content":{"rendered":"<p>Nun wenden sich die Katalanen mit ihrem Wunsch nach demokratischer Selbstbestimmung direkt an die internationale Gemeinschaft: Vor allem katalanische, aber auch nichtkatalanische Abgeordnete zum EU-Parlament, zum spanischen Kongress und Senat sowie zum Landesparlament unterzeichnen in diesen Stunden einen entsprechenden Aufruf. Darin stellen sie fest, dass Katalonien \u00fcber die eigene Zukunft entscheiden will, dies jedoch von Spanien mit allen verf\u00fcgbaren Mitteln bek\u00e4mpft wird. Anders als Kanada und das Vereinigte K\u00f6nigreich habe Madrid jede Verhandlung ausgeschlossen. Sie rufen deshalb die UNO, die EU, den Europarat und die OSZE dazu auf, Katalonien im Sinne der Demokratie und der Menschenrechte zu unterst\u00fctzen. Am 9. November (9N), der als Abstimmungstermin aufrecht bleibt, soll der Aufruf auch von B\u00fcrgerInnen und GemeindepolitikerInnen unterzeichnet werden k\u00f6nnen. Je nachdem, wie sich die angerufenen Institutionen verhalten, k\u00f6nnte diese Initiative v\u00f6llig neue Perspektiven er\u00f6ffnen.<\/p>\n<p><strong><span style=\"font-family: Helvetica, Arial, sans-serif; text-transform: uppercase;\">C\u00ebla enghe:<\/span><\/strong> <a title=\"9N: Generalitat gegen Verfassungsgericht.\" href=\"http:\/\/www.brennerbasisdemokratie.eu\/?p=21487\"><code>01<\/code><\/a> <a title=\"Brief an\u2019s EU-Parlament.\" href=\"http:\/\/www.brennerbasisdemokratie.eu\/?p=12675\"><code>02<\/code><\/a> <a title=\"Katalanische Diplomatie-Offensive.\" href=\"http:\/\/www.brennerbasisdemokratie.eu\/?p=17911\"><code>03<\/code><\/a><\/p>","protected":false},"excerpt":{"rendered":"<p>Nun wenden sich die Katalanen mit ihrem Wunsch nach demokratischer Selbstbestimmung direkt an die internationale Gemeinschaft: Vor allem katalanische, aber auch nichtkatalanische Abgeordnete zum EU-Parlament, zum spanischen Kongress und Senat sowie zum Landesparlament unterzeichnen in diesen Stunden einen entsprechenden Aufruf. Darin stellen sie fest, dass Katalonien \u00fcber die eigene Zukunft entscheiden will, dies jedoch von [&hellip;]<\/p>","protected":false},"author":1,"featured_media":0,"comment_status":"open","ping_status":"open","sticky":false,"template":"","format":"standard","meta":{"_crdt_document":"","ngg_post_thumbnail":0,"_jetpack_memberships_contains_paid_content":false,"footnotes":""},"categories":[],"tags":[],"class_list":["post-21519","post","type-post","status-publish","format-standard","hentry","entity-eu","location-catalunya","topic-aussendarstellung","topic-grundrechte","topic-politik","topic-recht","topic-selbstbestimmung","topic-zentralismus"],"jetpack_featured_media_url":"","jetpack_sharing_enabled":true,"_links":{"self":[{"href":"https:\/\/www.brennerbasisdemokratie.eu\/index.php?rest_route=\/wp\/v2\/posts\/21519","targetHints":{"allow":["GET"]}}],"collection":[{"href":"https:\/\/www.brennerbasisdemokratie.eu\/index.php?rest_route=\/wp\/v2\/posts"}],"about":[{"href":"https:\/\/www.brennerbasisdemokratie.eu\/index.php?rest_route=\/wp\/v2\/types\/post"}],"author":[{"embeddable":true,"href":"https:\/\/www.brennerbasisdemokratie.eu\/index.php?rest_route=\/wp\/v2\/users\/1"}],"replies":[{"embeddable":true,"href":"https:\/\/www.brennerbasisdemokratie.eu\/index.php?rest_route=%2Fwp%2Fv2%2Fcomments&post=21519"}],"version-history":[{"count":10,"href":"https:\/\/www.brennerbasisdemokratie.eu\/index.php?rest_route=\/wp\/v2\/posts\/21519\/revisions"}],"predecessor-version":[{"id":21529,"href":"https:\/\/www.brennerbasisdemokratie.eu\/index.php?rest_route=\/wp\/v2\/posts\/21519\/revisions\/21529"}],"wp:attachment":[{"href":"https:\/\/www.brennerbasisdemokratie.eu\/index.php?rest_route=%2Fwp%2Fv2%2Fmedia&parent=21519"}],"wp:term":[{"taxonomy":"category","embeddable":true,"href":"https:\/\/www.brennerbasisdemokratie.eu\/index.php?rest_route=%2Fwp%2Fv2%2Fcategories&post=21519"},{"taxonomy":"post_tag","embeddable":true,"href":"https:\/\/www.brennerbasisdemokratie.eu\/index.php?rest_route=%2Fwp%2Fv2%2Ftags&post=21519"}],"curies":[{"name":"wp","href":"https:\/\/api.w.org\/{rel}","templated":true}]}}