{"id":21530,"date":"2014-11-06T15:34:09","date_gmt":"2014-11-06T14:34:09","guid":{"rendered":"http:\/\/www.brennerbasisdemokratie.eu\/?p=21530"},"modified":"2026-03-09T23:38:37","modified_gmt":"2026-03-09T22:38:37","slug":"webadresse-nicht-zustaendig","status":"publish","type":"post","link":"https:\/\/www.brennerbasisdemokratie.eu\/?p=21530","title":{"rendered":"Webadresse? Auch nicht zust\u00e4ndig!"},"content":{"rendered":"<p>F\u00fcr Tirol wurde (mit <em>.tirol)<\/em> ein eigenes Internetsuffix, also eine Endung f\u00fcr Webadressen geschaffen, zum Beispiel <em>www.landtag.tirol<\/em>. Diese Entwicklung hat die S\u00fcdtiroler \u00bbVorzeigeautonomie\u00ab <a title=\"S\u00fcdtirol schl\u00e4ft und \u2019.tirol\u2019 kommt.\" href=\"http:\/\/www.brennerbasisdemokratie.eu\/?p=16798\">v\u00f6llig verschlafen<\/a>, auch weil hierzulande die Erlangung eines eigenen Regionalsuffixes noch vor wenigen Monaten f\u00fcr unm\u00f6glich erkl\u00e4rt wurde. Die <em>S\u00fcdtiroler Tageszeitung<\/em> schrieb zum Beispiel im September 2013:<\/p>\n<blockquote><p>Kein einziges Regions-spezifisches Suffix wurde den neuerdings netzaffinen L\u00e4ndern [&#8230;] genehmigt, auch S\u00fcdtirol d\u00fcrfte wohl kaum eine Sonderbehandlung bekommen. Die Endungen m\u00fcssten abgesegnet und registriert werden und das sei bis auf weiteres ein aussichtsloser Kampf, erfahren wir bei Internetagenturen.<\/p>\n<p>\u2013 <abbr title=\"Tageszeitung\">TAZ<\/abbr><\/p><\/blockquote>\n<p>Da hatten die Katalanen ihr eigenes Internetsuffix <a title=\"puntCAT.\" href=\"http:\/\/www.brennerbasisdemokratie.eu\/?p=19\">schon seit sieben Jahren.<\/a> Sie waren damit das erste nichtstaatliche Territorium, das seine eigene Endung erhielt \u2014 weil sie sich wie sooft nicht damit zufrieden gaben, was damals schon m\u00f6glich war. Inzwischen haben selbst St\u00e4dte wie Berlin, Paris und Barcelona eine eigene Endung.<\/p>\n<p>Nun ging es gestern im S\u00fcdtiroler Landtag um etwas viel Trivialeres, n\u00e4mlich um die Registrierung einer neuen Webadresse f\u00fcr das Land S\u00fcdtirol \u2014 was jedem Privaten und jedem Unternehmen zusteht. Die <em>S\u00fcd-Tiroler Freiheit<\/em> regte nicht etwa an, f\u00fcr die Webadresse eine neue Endung zu beantragen, sondern wenigstens, statt auf das bisherige \u00bbprovinz.bz.it\u00ab auf eine bestehende Endung wie \u00bb.eu-\u00ab oder \u00bb.tirol\u00ab zur\u00fcckzugreifen. Die Antwort der zust\u00e4ndigen (bzw. eben nicht zust\u00e4ndigen) Landesr\u00e4tin Waltraud Deeg lie\u00df einmal wieder Ern\u00fcchterndes zutage treten:<\/p>\n<blockquote><p>Die staatlichen Vorgaben von 2011 und jene der italienischen Registrierungsbeh\u00f6rde s\u00e4hen eine Endung wie &#8220;provinz.bz.it&#8221; vor. F\u00fcr die Landesverwaltung im engeren Sinne m\u00fcsse man dies beibehalten, aber f\u00fcr das B\u00fcrgernetz k\u00f6nne man davon abgehen.<\/p>\n<p><em>\u2013 <\/em><a title=\"Landespresseamt.\" href=\"https:\/\/web.archive.org\/web\/20230926095702\/https:\/\/www.landtag-bz.org\/de\/aktuelles\/pm-landtag-aktuell.asp?aktuelles_action=4&amp;aktuelles_article_id=475594\" target=\"_blank\" rel=\"noopener noreferrer\"><em>Landespresseamt<\/em><\/a><\/p><\/blockquote>\n<p>Der Staat schreibt dem Land S\u00fcdtirol also sogar die Adresse seines Internetauftrittes vor. Die \u00bbweitestgehende Autonomie in Europa\u00ab, wie sie der Landeshauptmann gestern bezeichnete, darf nicht einmal etwas so Banales wie ihre Webdomain selbst festlegen \u2014 w\u00e4hrend die Katalanen schon vor Jahren eine eigene Endung registrieren konnten.<\/p>\n<p><strong><span style=\"font-family: Helvetica, Arial, sans-serif; text-transform: uppercase;\">C\u00ebla enghe:<\/span><\/strong> <a title=\"myCivis.eu? Fehlanzeige.\" href=\"https:\/\/www.brennerbasisdemokratie.eu\/?p=58602\"><span style=\"color: #ff8c00\"><code>01<\/code><\/span><\/a> <a title=\"Friesische Landesbezeichnung.\" href=\"https:\/\/www.brennerbasisdemokratie.eu\/?p=63194\"><span style=\"color: #ff8c00\"><code>02<\/code><\/span><\/a> <a title=\"Ungenutzte digitale Spielr\u00e4ume.\" href=\"https:\/\/www.brennerbasisdemokratie.eu\/?p=88045\"><span style=\"color: #ff8c00\"><code>03<\/code><\/span><\/a><\/p>","protected":false},"excerpt":{"rendered":"<p>F\u00fcr Tirol wurde (mit .tirol) ein eigenes Internetsuffix, also eine Endung f\u00fcr Webadressen geschaffen, zum Beispiel www.landtag.tirol. Diese Entwicklung hat die S\u00fcdtiroler \u00bbVorzeigeautonomie\u00ab v\u00f6llig verschlafen, auch weil hierzulande die Erlangung eines eigenen Regionalsuffixes noch vor wenigen Monaten f\u00fcr unm\u00f6glich erkl\u00e4rt wurde. Die S\u00fcdtiroler Tageszeitung schrieb zum Beispiel im September 2013: Kein einziges Regions-spezifisches Suffix wurde [&hellip;]<\/p>","protected":false},"author":1,"featured_media":0,"comment_status":"open","ping_status":"open","sticky":false,"template":"","format":"standard","meta":{"_crdt_document":"","ngg_post_thumbnail":0,"_jetpack_memberships_contains_paid_content":false,"footnotes":""},"categories":[1],"tags":[],"class_list":["post-21530","post","type-post","status-publish","format-standard","hentry","category-allgemein","entity-land-sudtirol","entity-stf","entity-sudtiroler-landtag","entity-svp","issue-zitac","location-catalunya","location-nord-osttirol","location-sudtirolo","language-deutsch","medium-lpa","medium-taz","person-arno-kompatscher","topic-aussendarstellung","topic-medien","topic-politik","topic-recht","topic-tech_com","topic-vorzeigeautonomie","topic-zentralismus","topic-zustaendigkeiten"],"jetpack_featured_media_url":"","jetpack_sharing_enabled":true,"_links":{"self":[{"href":"https:\/\/www.brennerbasisdemokratie.eu\/index.php?rest_route=\/wp\/v2\/posts\/21530","targetHints":{"allow":["GET"]}}],"collection":[{"href":"https:\/\/www.brennerbasisdemokratie.eu\/index.php?rest_route=\/wp\/v2\/posts"}],"about":[{"href":"https:\/\/www.brennerbasisdemokratie.eu\/index.php?rest_route=\/wp\/v2\/types\/post"}],"author":[{"embeddable":true,"href":"https:\/\/www.brennerbasisdemokratie.eu\/index.php?rest_route=\/wp\/v2\/users\/1"}],"replies":[{"embeddable":true,"href":"https:\/\/www.brennerbasisdemokratie.eu\/index.php?rest_route=%2Fwp%2Fv2%2Fcomments&post=21530"}],"version-history":[{"count":15,"href":"https:\/\/www.brennerbasisdemokratie.eu\/index.php?rest_route=\/wp\/v2\/posts\/21530\/revisions"}],"predecessor-version":[{"id":98375,"href":"https:\/\/www.brennerbasisdemokratie.eu\/index.php?rest_route=\/wp\/v2\/posts\/21530\/revisions\/98375"}],"wp:attachment":[{"href":"https:\/\/www.brennerbasisdemokratie.eu\/index.php?rest_route=%2Fwp%2Fv2%2Fmedia&parent=21530"}],"wp:term":[{"taxonomy":"category","embeddable":true,"href":"https:\/\/www.brennerbasisdemokratie.eu\/index.php?rest_route=%2Fwp%2Fv2%2Fcategories&post=21530"},{"taxonomy":"post_tag","embeddable":true,"href":"https:\/\/www.brennerbasisdemokratie.eu\/index.php?rest_route=%2Fwp%2Fv2%2Ftags&post=21530"}],"curies":[{"name":"wp","href":"https:\/\/api.w.org\/{rel}","templated":true}]}}