{"id":21539,"date":"2014-11-06T20:19:59","date_gmt":"2014-11-06T19:19:59","guid":{"rendered":"http:\/\/www.brennerbasisdemokratie.eu\/?p=21539"},"modified":"2024-04-25T12:14:09","modified_gmt":"2024-04-25T10:14:09","slug":"der-autonomie-vergleich","status":"publish","type":"post","link":"https:\/\/www.brennerbasisdemokratie.eu\/?p=21539","title":{"rendered":"Der Autonomie-Vergleich."},"content":{"rendered":"<p>Gestern hatte Landeshauptmann Arno Kompatscher (<abbr title=\"S\u00fcdtiroler Volkspartei\">SVP<\/abbr>) im Landtag behauptet, wir h\u00e4tten die weitreichendste Autonomie in Europa. Eine (unvollst\u00e4ndige) Aufstellung:<\/p>\n<ul>\n<li>Hat S\u00fcdtirol die Zust\u00e4ndigkeit f\u00fcr die innere Sicherheit einschlie\u00dflich einer eigenen Landespolizei? Katalonien schon, und zwar ersetzt die Landespolizei dort sogar die Staatspolizei, sie agieren nicht nebeneinander. Jedes deutsche Bundesland hat ebenfalls einen Innenminister und eine Landespolizei.<\/li>\n<li>Ist S\u00fcdtirol f\u00fcr die Gef\u00e4ngnisse zust\u00e4ndig? Katalonien schon, Bayern <a title=\"Und halt schon wieder eine Zust\u00e4ndigkeit.\" href=\"http:\/\/www.brennerbasisdemokratie.eu\/?p=4701\">auch<\/a>.<\/li>\n<li>Hat S\u00fcdtirol sein eigenes Zivilgesetzbuch? Katalonien \u2014 mit Einschr\u00e4nkungen \u2014 <a title=\"Codi Civil.\" href=\"http:\/\/www.brennerbasisdemokratie.eu\/?p=199\">schon<\/a>.<\/li>\n<li>Hat S\u00fcdtirol seine eigene Einnahmenagentur? Bislang nein. Katalonien <a title=\"Ag\u00e8ncia Tribut\u00e0&nbsp;ria de Catalunya.\" href=\"http:\/\/www.atc.gencat.cat\" target=\"_blank\" rel=\"noopener noreferrer\">schon<\/a>.<\/li>\n<li>K\u00f6nnte S\u00fcdtirol eine eigene Bankensteuer beschlie\u00dfen? Sicher nicht. Katalonien hat es gemacht.<\/li>\n<li>Hat S\u00fcdtirol Zust\u00e4ndigkeiten im Konsumentenschutz, die es uns erlauben w\u00fcrden, die deutsche und ladinische Sprache der italienischen Gleichzusetzen? Nein. Katalonien <a title=\"Catalunya (II).\" href=\"http:\/\/www.brennerbasisdemokratie.eu\/?p=54\">hat ein solches Konsumentenschutzgesetz<\/a> seit Jahren.<\/li>\n<li>Hat S\u00fcdtirol Befugnisse im Kulturbereich, die es uns etwa gestatten w\u00fcrden, Kinovorf\u00fchrungen <a title=\"\u00bbLlei del cinema\u00ab in Kraft.\" href=\"http:\/\/www.brennerbasisdemokratie.eu\/?p=6870\">zu reglementieren<\/a>? Nein. S\u00fcdtirol muss sich sogar <a title=\"\u00bbPina\u00ab abgesagt.\" href=\"http:\/\/www.brennerbasisdemokratie.eu\/?p=7817\">beugen<\/a>, wenn italienische Verleiher uns eine deutsche Erstauff\u00fchrung verbieten.<\/li>\n<li>Die Webadresse der <em>Generalitat de Catalunya<\/em> lautet gencat.cat, S\u00fcdtirol wird anscheinend sogar von Rom <a title=\"Webadresse? Auch nicht zust\u00e4ndig!\" href=\"http:\/\/www.brennerbasisdemokratie.eu\/?p=21530\">vorgeschrieben<\/a>, welche Adresse das Land zu gebrauchen hat.<\/li>\n<li>Hat S\u00fcdtirol eigene Auslandsvertretungen? Katalonien und Qu\u00e9bec <a title=\"Au\u00dfenpolitik.\" href=\"http:\/\/www.brennerbasisdemokratie.eu\/?p=6108\">schon<\/a>.<\/li>\n<li>S\u00fcdtirol konnte keine Berufsmatura ohne Rom beschlie\u00dfen, deutsche Bundesl\u00e4nder entscheiden sogar \u00fcber das <a title=\"Promotionsrecht f\u00fcr FHs.\" href=\"http:\/\/www.brennerbasisdemokratie.eu\/?p=17449\">Promotionsrecht<\/a> im Hochschulbereich autonom.<\/li>\n<li>Hat S\u00fcdtirol einen eigenen Verfassungsschutz? Deutsche Bundesl\u00e4nder <a title=\"Ein Land \u2014 wie Brandenburg.\" href=\"http:\/\/www.brennerbasisdemokratie.eu\/?p=11874\">ja<\/a>.<\/li>\n<li>Kann S\u00fcdtirol seine Toponomastik selbst regeln? Offenbar nein, es musste sich mit einem r\u00f6mischen <a title=\"Bilinguismo sconFitto.\" href=\"http:\/\/www.brennerbasisdemokratie.eu\/?p=5461\">Minister<\/a> einigen \u2014 w\u00e4hrend z. B. <a title=\"Ortsnamen \u00c2\u00b7 Toponomastica: Catalunya.\" href=\"http:\/\/www.brennerbasisdemokratie.eu\/?p=6375\">Katalonien<\/a> und <a title=\"Ortsnamen \u00c2\u00b7 Toponomastica: Galicia.\" href=\"http:\/\/www.brennerbasisdemokratie.eu\/?p=6362\">Galicien<\/a> jeweils ihr eigenes Gesetz haben, das ausschlie\u00dflich die historischen Ortsbezeichnungen f\u00fcr amtlich erkl\u00e4rt.<\/li>\n<li>Genie\u00dfen die Sprachgemeinschaften in S\u00fcdtirol den Schutz der <em>Europ\u00e4ischen Charta der Regional- oder Minderheitensprachen?<\/em> Nein, denn Italien hat sie \u2014 anders als Spanien \u2014 <a title=\"Die Charta der Minderheitensprachen.\" href=\"http:\/\/www.brennerbasisdemokratie.eu\/?p=1348\">nie ratifiziert<\/a>.<\/li>\n<li>Gibt es in S\u00fcdtirol zweisprachige Packungsbeilagen bei Medikamenten? Nein, denn die entsprechende Vorschrift wird nicht umgesetzt bzw. eingehalten. In <a title=\"Es ist m\u00f6glich!\" href=\"http:\/\/www.brennerbasisdemokratie.eu\/?p=7472\">Finnland<\/a> und in der <a title=\"Fragen Sie Ihren Arzt. Nicht.\" href=\"http:\/\/www.brennerbasisdemokratie.eu\/?p=178\">Schweiz<\/a> schon.<\/li>\n<li>Hat S\u00fcdtirol einen eigenen Produkt-Strichcode? Katalonien <a title=\"Eigener Strichcode.\" href=\"http:\/\/www.brennerbasisdemokratie.eu\/?p=5128\">ja<\/a>.<\/li>\n<li>Hat S\u00fcdtirol ein eigenes Websuffix? <a title=\"puntCAT.\" href=\"http:\/\/www.brennerbasisdemokratie.eu\/?p=19\">Katalonien<\/a>, Galicien, Baskenland, <a title=\"Breizh mit eigenem Internetsuffix.\" href=\"http:\/\/www.brennerbasisdemokratie.eu\/?p=15066\">Bretagne<\/a>, aber auch Bayern und Tirol schon.<\/li>\n<li>Hat S\u00fcdtirol eigene internationale Teams als Ersatz f\u00fcr eine Nationalmannschaft? <a title=\"Catalunya-Euskadi 2:2.\" href=\"http:\/\/www.brennerbasisdemokratie.eu\/?p=207\">Katalonien und Baskenland<\/a> schon. Sie sind in manchen Sportarten auch staatlichen Mannschaften <a title=\"Catalunya-Espa\u00f1a 5:3.\" href=\"http:\/\/www.brennerbasisdemokratie.eu\/?p=684\">gleichgesetzt<\/a>.<\/li>\n<li>Hat S\u00fcdtirol einen eigenen diplomatischen Dienst? Katalonien <a title=\"Diplocat up and running.\" href=\"http:\/\/www.brennerbasisdemokratie.eu\/?p=15433\">ja<\/a>.<\/li>\n<li>Ist S\u00fcdtirol zust\u00e4ndig f\u00fcr Notare, Anw\u00e4lte und andere Berufskammern und die jeweiligen Regeln? Katalonien schon.<\/li>\n<li>Ist S\u00fcdtirol zust\u00e4ndig f\u00fcr den Umweltschutz? <a title=\"Fortw\u00e4hrende Beschneidung.\" href=\"http:\/\/www.brennerbasisdemokratie.eu\/?p=4515\">Nein<\/a>. Katalonien ja, genauso wie jedes deutsche Bundesland.<\/li>\n<li>Kann S\u00fcdtirol das Potenzial der grenz\u00fcberschreitenden Zusammenarbeit voll aussch\u00f6pfen? Nein, denn <a title=\"Pr\u00f6seler Worte (und die Realit\u00e4t).\" href=\"http:\/\/www.brennerbasisdemokratie.eu\/?p=19819\">anders als etwa Deutschland, Frankreich und die Schweiz<\/a> hat Italien die Zusatzprotokolle des Madrider Abkommens nie ratifiziert.<\/li>\n<\/ul>\n<p>Und auch bei den Finanzen ist S\u00fcdtirol inzwischen nicht mehr weit von dem entfernt, was Katalonien an Spanien abgibt. Die 70%, die sowohl Sen. Zeller, als auch Arno Kompatscher in letzter Zeit als Beitrag Kataloniens zum Staatshaushalt genannt hatten, sind n\u00e4mlich <a title=\"Der \u2019Runde Tisch\u2019 mit :BBD:.\" href=\"http:\/\/www.brennerbasisdemokratie.eu\/?p=21064\">v\u00f6llig aus der Luft gegriffen<\/a>.<\/p>\n<p><strong><span style=\"font-family: Helvetica, Arial, sans-serif; text-transform: uppercase;\">C\u00ebla enghe:<\/span><\/strong> <a title=\"Autonomievergleich (II).\" href=\"http:\/\/www.brennerbasisdemokratie.eu\/?p=29703\"><span style=\"color: #ff8c00\"><code>01<\/code><\/span><\/a> <a title=\"Der Regional Authority Index.\" href=\"http:\/\/www.brennerbasisdemokratie.eu\/?p=37233\"><span style=\"color: #ff8c00\"><code>02<\/code><\/span><\/a><\/p>","protected":false},"excerpt":{"rendered":"<p>Gestern hatte Landeshauptmann Arno Kompatscher (SVP) im Landtag behauptet, wir h\u00e4tten die weitreichendste Autonomie in Europa. Eine (unvollst\u00e4ndige) Aufstellung: Hat S\u00fcdtirol die Zust\u00e4ndigkeit f\u00fcr die innere Sicherheit einschlie\u00dflich einer eigenen Landespolizei? Katalonien schon, und zwar ersetzt die Landespolizei dort sogar die Staatspolizei, sie agieren nicht nebeneinander. Jedes deutsche Bundesland hat ebenfalls einen Innenminister und eine [&hellip;]<\/p>","protected":false},"author":1,"featured_media":0,"comment_status":"open","ping_status":"open","sticky":false,"template":"","format":"standard","meta":{"_crdt_document":"","ngg_post_thumbnail":0,"_jetpack_memberships_contains_paid_content":false,"footnotes":""},"categories":[1],"tags":[],"class_list":["post-21539","post","type-post","status-publish","format-standard","hentry","category-allgemein","entity-svp","issue-autonomievergleich","issue-charta-der-minderheitensprachen","issue-landespolizei","location-bayern","location-breizhbretagne","location-catalunya","location-euskadi","location-suomi","location-galiza","location-quebec","location-sudtirolo","location-svizra","language-deutsch","person-arno-kompatscher","topic-comparatio","topic-kunstcultura","topic-ecologia","topic-minderheitenschutz","topic-ortsnamen","topic-plurilinguism","topic-politik","topic-recht","topic-sport","topic-verbraucherinnen","topic-vorzeigeautonomie","topic-zustaendigkeiten"],"jetpack_featured_media_url":"","jetpack_sharing_enabled":true,"_links":{"self":[{"href":"https:\/\/www.brennerbasisdemokratie.eu\/index.php?rest_route=\/wp\/v2\/posts\/21539","targetHints":{"allow":["GET"]}}],"collection":[{"href":"https:\/\/www.brennerbasisdemokratie.eu\/index.php?rest_route=\/wp\/v2\/posts"}],"about":[{"href":"https:\/\/www.brennerbasisdemokratie.eu\/index.php?rest_route=\/wp\/v2\/types\/post"}],"author":[{"embeddable":true,"href":"https:\/\/www.brennerbasisdemokratie.eu\/index.php?rest_route=\/wp\/v2\/users\/1"}],"replies":[{"embeddable":true,"href":"https:\/\/www.brennerbasisdemokratie.eu\/index.php?rest_route=%2Fwp%2Fv2%2Fcomments&post=21539"}],"version-history":[{"count":17,"href":"https:\/\/www.brennerbasisdemokratie.eu\/index.php?rest_route=\/wp\/v2\/posts\/21539\/revisions"}],"predecessor-version":[{"id":85157,"href":"https:\/\/www.brennerbasisdemokratie.eu\/index.php?rest_route=\/wp\/v2\/posts\/21539\/revisions\/85157"}],"wp:attachment":[{"href":"https:\/\/www.brennerbasisdemokratie.eu\/index.php?rest_route=%2Fwp%2Fv2%2Fmedia&parent=21539"}],"wp:term":[{"taxonomy":"category","embeddable":true,"href":"https:\/\/www.brennerbasisdemokratie.eu\/index.php?rest_route=%2Fwp%2Fv2%2Fcategories&post=21539"},{"taxonomy":"post_tag","embeddable":true,"href":"https:\/\/www.brennerbasisdemokratie.eu\/index.php?rest_route=%2Fwp%2Fv2%2Ftags&post=21539"}],"curies":[{"name":"wp","href":"https:\/\/api.w.org\/{rel}","templated":true}]}}