{"id":21719,"date":"2014-11-22T15:15:34","date_gmt":"2014-11-22T14:15:34","guid":{"rendered":"http:\/\/www.brennerbasisdemokratie.eu\/?p=21719"},"modified":"2014-12-13T00:00:07","modified_gmt":"2014-12-12T23:00:07","slug":"artur-mas-angeklagt","status":"publish","type":"post","link":"https:\/\/www.brennerbasisdemokratie.eu\/?p=21719","title":{"rendered":"Artur Mas angeklagt."},"content":{"rendered":"<p>Tagelang hatte die Oberstaatsanwaltschaft in Barcelona beharrlich abgelehnt, auf Wink aus Madrid Anklage gegen den katalanischen Pr\u00e4sidenten Artur Mas zu erheben. Der Aussetzungsbeschluss des Verfassungsgerichts gegen die <a title=\"Der 9N ist geschlagen.\" href=\"http:\/\/www.brennerbasisdemokratie.eu\/?p=21602\">Abstimmung vom 9. November <\/a>(9N) biete daf\u00fcr keine ausreichende Grundlage.<\/p>\n<p>Nun erf\u00fcllte sich der Madrider Generalstaatsanwalt Eduardo Torres-Dulce seinen Wunsch selbst, indem er h\u00f6chstpers\u00f6nlich die Einleitung eines Verfahrens gegen Artur Mas, seine Stellvertreterin Joana Ortega und die katalanische Bildungsministerin Irene Rigau vor dem katalanischen Oberlandesgericht <em>(Tribunal Superior de Just\u00e0\u00adcia de Catalunya)<\/em> beantragte. Er wirft den drei Regierungsvertretern im Zusammenhang mit dem 9N Amtsmissbrauch, Amtsanma\u00dfung und Rechtsbeugung vor.<\/p>\n<p>Joana Ortega wurde angeklagt, weil sie im Rahmen ihres Zust\u00e4ndigkeitsbereichs, der <a title=\"Gr\u00f6AZ: Justiz-Zust\u00e4ndigkeit.\" href=\"http:\/\/www.brennerbasisdemokratie.eu\/?p=21649\">Justiz<\/a>, daf\u00fcr gesorgt hatte, dass Urnen und Stimmzettel von H\u00e4ftlingen hergestellt wurden, wie dies auch bei amtlichen Abstimmungen \u00fcblich ist. Bildungsministerin Rigau wird von Torres-Dulces vorgeworfen, dass zahlreiche Schulbauten als Stimmlokale zur Verf\u00fcgung gestanden hatten.<\/p>\n<p>Unmittelbar nachdem bekannt wurde, dass die Generalstaatsanwaltschaft trotz massiver Einw\u00e4nde der katalanischen Oberstaatsanwaltschaft Anklage erhoben hatte, wandte sich Francesc Homs, Sprecher der katalanischen Regierung an die Medien. W\u00e4hrend der Pressekonferenz machte er deutlich, dass man nicht vom eingeschlagenen Weg weichen werde. \u00bbWir wollen nicht mehr Teil eines Staates sein, in dem die Aus\u00fcbung des Rechts auf freie Meinungs\u00e4u\u00dferung zu einer Anklage f\u00fchren kann\u00ab, so Homs. Gleichzeitig teilte er mit, die katalanische Regierung habe bereits ihre gerichtliche Verteidigungslinie vorbereitet.<\/p>\n<p>Uneingeschr\u00e4nkte Solidarit\u00e4t und ein offensives Unterst\u00fctzungsangebot erhielt Pr\u00e4sident Artur Mas von seinem Amtsvorg\u00e4nger, dem Sozialisten Jos\u00e9 Montilla. Gegen\u00fcber <em>Catalunya Radio<\/em> sagte er, er k\u00f6nne sich nicht vorstellen, dass eine derart abstruse Anklage tats\u00e4chlich zur Einleitung eines Verfahrens f\u00fchren werde. Falls doch, bot er Mas an, als Zeuge der Verteidigung aufzutreten.<\/p>\n<p>Das katalanische Parlament verabschiedete eine Resolution, mittels derer es die politische und juristische Verantwortung f\u00fcr den 9N \u00fcbernimmt, w\u00e4hrend eine Plattform Vordrucke verteilt, mit denen sich m\u00f6glichst viele B\u00fcrgerinnen und B\u00fcrger f\u00fcr die Teilnahme an der Abstimmung selbst anzeigen und somit das Gerichtsverfahren ad absurdum f\u00fchren sollen.<\/p>\n<p><strong><span style=\"font-family: Helvetica, Arial, sans-serif; text-transform: uppercase;\">C\u00ebla enghe:<\/span><\/strong> <a title=\"Katalanische Abstimmung ein voller Erfolg.\" href=\"http:\/\/www.brennerbasisdemokratie.eu\/?p=21608\"><code>01<\/code><\/a> <a title=\"Noch mehr \u00bbHinterw\u00e4ldler\u00ab.\" href=\"http:\/\/www.brennerbasisdemokratie.eu\/?p=21572\"><code>02<\/code><\/a> <a title=\"Katalonien ordnet sich nicht unter.\" href=\"http:\/\/www.brennerbasisdemokratie.eu\/?p=20993\"><code>03<\/code><\/a> <a title=\"Katalanische Gemeinden f\u00fcr den 9N.\" href=\"http:\/\/www.brennerbasisdemokratie.eu\/?p=20951\"><code>04<\/code><\/a> <a title=\"9N: \u00bbTu participes, tu decideixes.\u00ab\" href=\"http:\/\/www.brennerbasisdemokratie.eu\/?p=21210\"><code>05<\/code><\/a> <a title=\"9N: Generalitat gegen Verfassungsgericht.\" href=\"http:\/\/www.brennerbasisdemokratie.eu\/?p=21487\"><code>06<\/code><\/a><\/p>","protected":false},"excerpt":{"rendered":"<p>Tagelang hatte die Oberstaatsanwaltschaft in Barcelona beharrlich abgelehnt, auf Wink aus Madrid Anklage gegen den katalanischen Pr\u00e4sidenten Artur Mas zu erheben. Der Aussetzungsbeschluss des Verfassungsgerichts gegen die Abstimmung vom 9. November (9N) biete daf\u00fcr keine ausreichende Grundlage. Nun erf\u00fcllte sich der Madrider Generalstaatsanwalt Eduardo Torres-Dulce seinen Wunsch selbst, indem er h\u00f6chstpers\u00f6nlich die Einleitung eines Verfahrens [&hellip;]<\/p>","protected":false},"author":1,"featured_media":0,"comment_status":"open","ping_status":"open","sticky":false,"template":"","format":"standard","meta":{"_crdt_document":"","ngg_post_thumbnail":0,"_jetpack_memberships_contains_paid_content":false,"footnotes":""},"categories":[],"tags":[],"class_list":["post-21719","post","type-post","status-publish","format-standard","hentry","location-catalunya","topic-politik","topic-selbstbestimmung","topic-zentralismus"],"jetpack_featured_media_url":"","jetpack_sharing_enabled":true,"_links":{"self":[{"href":"https:\/\/www.brennerbasisdemokratie.eu\/index.php?rest_route=\/wp\/v2\/posts\/21719","targetHints":{"allow":["GET"]}}],"collection":[{"href":"https:\/\/www.brennerbasisdemokratie.eu\/index.php?rest_route=\/wp\/v2\/posts"}],"about":[{"href":"https:\/\/www.brennerbasisdemokratie.eu\/index.php?rest_route=\/wp\/v2\/types\/post"}],"author":[{"embeddable":true,"href":"https:\/\/www.brennerbasisdemokratie.eu\/index.php?rest_route=\/wp\/v2\/users\/1"}],"replies":[{"embeddable":true,"href":"https:\/\/www.brennerbasisdemokratie.eu\/index.php?rest_route=%2Fwp%2Fv2%2Fcomments&post=21719"}],"version-history":[{"count":2,"href":"https:\/\/www.brennerbasisdemokratie.eu\/index.php?rest_route=\/wp\/v2\/posts\/21719\/revisions"}],"predecessor-version":[{"id":21723,"href":"https:\/\/www.brennerbasisdemokratie.eu\/index.php?rest_route=\/wp\/v2\/posts\/21719\/revisions\/21723"}],"wp:attachment":[{"href":"https:\/\/www.brennerbasisdemokratie.eu\/index.php?rest_route=%2Fwp%2Fv2%2Fmedia&parent=21719"}],"wp:term":[{"taxonomy":"category","embeddable":true,"href":"https:\/\/www.brennerbasisdemokratie.eu\/index.php?rest_route=%2Fwp%2Fv2%2Fcategories&post=21719"},{"taxonomy":"post_tag","embeddable":true,"href":"https:\/\/www.brennerbasisdemokratie.eu\/index.php?rest_route=%2Fwp%2Fv2%2Ftags&post=21719"}],"curies":[{"name":"wp","href":"https:\/\/api.w.org\/{rel}","templated":true}]}}