{"id":22205,"date":"2015-01-15T11:39:09","date_gmt":"2015-01-15T10:39:09","guid":{"rendered":"http:\/\/www.brennerbasisdemokratie.eu\/?p=22205"},"modified":"2022-06-28T18:19:16","modified_gmt":"2022-06-28T16:19:16","slug":"katalonien-plebiszit-findet-statt","status":"publish","type":"post","link":"https:\/\/www.brennerbasisdemokratie.eu\/?p=22205","title":{"rendered":"Katalonien: Einigung zu Plebiszit."},"content":{"rendered":"<p>Die katalanische Regierung unter Pr\u00e4sident Mas, die st\u00e4rkste Oppositionspartei <em>Esquerra Republicana de Catalunya<\/em> (ERC) unter der F\u00fchrung von Oriol Junqueras und die bedeutendsten zivilgesellschaftlichen Akteure, die sich f\u00fcr die Aus\u00fcbung der Selbstbestimmung starkmachen <em>(\u00d2mnium Cultural<\/em> und ANC) konnten sich \u2014 wie Pr\u00e4sident Artur Mas gestern den Medien mitteilte \u2014 nun auf die Einberufung von Neuwahlen zum katalanischen Parlament einigen. Diese sollen am 27. September 2015 stattfinden und plebiszit\u00e4ren Charakter haben, was bedeutet, dass die unabh\u00e4ngigkeitsbef\u00fcrwortenden Parteien mit einem gemeinsamen Programmpunkt antreten, der die Unabh\u00e4ngigkeit des Landes zum Inhalt hat. Sollten diese Parteien im dann neu gew\u00e4hlten Parlament die Mehrheit erlangen, wird dies als nunmehr eindeutiger, legal zustandegekommener politischer Auftrag gewertet, die Losl\u00f6sung von Spanien voranzutreiben. Nach Auffassung der beteiligten Parteien und zivilgesellschaftlichen Akteure wird es dem Zentralstaat nicht m\u00f6glich sein, solche Wahlen f\u00fcr illegal zu erkl\u00e4ren, anders als dies mit einer zun\u00e4chst angepeilten bindenden Volksabstimmung geschehen war. Ein eventuell von der katalanischen Bev\u00f6lkerung erteilter Auftrag k\u00f6nnte genutzt werden, um die Regierung in Madrid zu Verhandlungen \u00fcber die Sezession der nord\u00f6stlichen Region zu zwingen. Sollte dies nicht gelingen, wird auch der Weg einer einseitigen Unabh\u00e4ngigkeitserkl\u00e4rung (EUE) nicht mehr ausgeschlossen.<\/p>\n<p><strong><span style=\"font-family: Helvetica, Arial, sans-serif; text-transform: uppercase;\">C\u00ebla enghe:<\/span><\/strong> <a title=\"Katalanische Abstimmung ein voller Erfolg.\" href=\"http:\/\/www.brennerbasisdemokratie.eu\/?p=21608\"><code>01<\/code><\/a> <a title=\"Der 9N ist geschlagen.\" href=\"http:\/\/www.brennerbasisdemokratie.eu\/?p=21602\"><code>02<\/code><\/a> <a title=\"9N, der neue Plan.\" href=\"http:\/\/www.brennerbasisdemokratie.eu\/?p=21204\"><code>03<\/code><\/a> <a title=\"9N: Weiter in Einigkeit.\" href=\"http:\/\/www.brennerbasisdemokratie.eu\/?p=21024\"><code>04<\/code><\/a> <a title=\"Katalonien ordnet sich nicht unter.\" href=\"http:\/\/www.brennerbasisdemokratie.eu\/?p=20993\"><code>05<\/code><\/a> <a title=\"Katalonien f\u00fcr Abspaltung.\" href=\"http:\/\/www.brennerbasisdemokratie.eu\/?p=25381\"><span style=\"color: #ff8c00\"><code>06<\/code><\/span><\/a><\/p>","protected":false},"excerpt":{"rendered":"<p>Die katalanische Regierung unter Pr\u00e4sident Mas, die st\u00e4rkste Oppositionspartei Esquerra Republicana de Catalunya (ERC) unter der F\u00fchrung von Oriol Junqueras und die bedeutendsten zivilgesellschaftlichen Akteure, die sich f\u00fcr die Aus\u00fcbung der Selbstbestimmung starkmachen (\u00d2mnium Cultural und ANC) konnten sich \u2014 wie Pr\u00e4sident Artur Mas gestern den Medien mitteilte \u2014 nun auf die Einberufung von Neuwahlen [&hellip;]<\/p>","protected":false},"author":1,"featured_media":0,"comment_status":"open","ping_status":"open","sticky":false,"template":"","format":"standard","meta":{"_crdt_document":"","ngg_post_thumbnail":0,"_jetpack_memberships_contains_paid_content":false,"footnotes":""},"categories":[1],"tags":[],"class_list":["post-22205","post","type-post","status-publish","format-standard","hentry","category-allgemein","entity-erc","issue-wahlen","location-catalunya","language-deutsch","person-artur-mas","person-oriol-junqueras","topic-politik","topic-recht","topic-selbstbestimmung"],"jetpack_featured_media_url":"","jetpack_sharing_enabled":true,"_links":{"self":[{"href":"https:\/\/www.brennerbasisdemokratie.eu\/index.php?rest_route=\/wp\/v2\/posts\/22205","targetHints":{"allow":["GET"]}}],"collection":[{"href":"https:\/\/www.brennerbasisdemokratie.eu\/index.php?rest_route=\/wp\/v2\/posts"}],"about":[{"href":"https:\/\/www.brennerbasisdemokratie.eu\/index.php?rest_route=\/wp\/v2\/types\/post"}],"author":[{"embeddable":true,"href":"https:\/\/www.brennerbasisdemokratie.eu\/index.php?rest_route=\/wp\/v2\/users\/1"}],"replies":[{"embeddable":true,"href":"https:\/\/www.brennerbasisdemokratie.eu\/index.php?rest_route=%2Fwp%2Fv2%2Fcomments&post=22205"}],"version-history":[{"count":7,"href":"https:\/\/www.brennerbasisdemokratie.eu\/index.php?rest_route=\/wp\/v2\/posts\/22205\/revisions"}],"predecessor-version":[{"id":66003,"href":"https:\/\/www.brennerbasisdemokratie.eu\/index.php?rest_route=\/wp\/v2\/posts\/22205\/revisions\/66003"}],"wp:attachment":[{"href":"https:\/\/www.brennerbasisdemokratie.eu\/index.php?rest_route=%2Fwp%2Fv2%2Fmedia&parent=22205"}],"wp:term":[{"taxonomy":"category","embeddable":true,"href":"https:\/\/www.brennerbasisdemokratie.eu\/index.php?rest_route=%2Fwp%2Fv2%2Fcategories&post=22205"},{"taxonomy":"post_tag","embeddable":true,"href":"https:\/\/www.brennerbasisdemokratie.eu\/index.php?rest_route=%2Fwp%2Fv2%2Ftags&post=22205"}],"curies":[{"name":"wp","href":"https:\/\/api.w.org\/{rel}","templated":true}]}}