{"id":22286,"date":"2015-01-20T12:20:14","date_gmt":"2015-01-20T11:20:14","guid":{"rendered":"http:\/\/www.brennerbasisdemokratie.eu\/?p=22286"},"modified":"2019-11-04T19:45:42","modified_gmt":"2019-11-04T18:45:42","slug":"erneut-wohltuende-argumente","status":"publish","type":"post","link":"https:\/\/www.brennerbasisdemokratie.eu\/?p=22286","title":{"rendered":"Mals: Erneut wohltuende Argumente."},"content":{"rendered":"<p>Schon im September letzten Jahres war in der <em>ff<\/em> ein Leitartikel von Georg Mair erschienen, in dem er bez\u00fcglich der Malser Volksabstimmung wohltuende Argumente vorbrachte. So kritisierte er unter anderem, dass sich die Gegnerinnen eines Pestizidverbots hinter juristischen Spitzfindigkeiten verschanzten und forderte mehr Respekt f\u00fcr das Volk. <a title=\"Wohltuende Argumente \u2014 f\u00fcr alle?\" href=\"http:\/\/www.brennerbasisdemokratie.eu\/?p=20908\">Wir hatten dies honoriert<\/a>, jedoch auch darauf hingewiesen, dass bei anderen Themen \u2014 allen voran die Selbstbestimmung \u2014 selten derart redlich diskutiert wird.<\/p>\n<p>In der aktuellen <em>ff<\/em>-Ausgabe widmet sich Mair anl\u00e4sslich der <a title=\"Mals: Demokratie aufgel\u00f6st.\" href=\"http:\/\/www.brennerbasisdemokratie.eu\/?p=22137\">fehlenden Umsetzung<\/a> des Volkswillens erneut der Abstimmung in Mals \u2014 und wieder kommen im Leitartikel jede Menge Argumente vor, die wir sonst oft vermisst haben:<\/p>\n<blockquote><p>Die Volksabstimmung von Mals und ihre Folgen erz\u00e4hlen viel \u00fcber S\u00fcdtirol, \u00fcber Mut und Wut, \u00fcber Angst und Aufbruch, \u00fcber Ver\u00e4nderung und starres Festhalten an der Tradition, \u00fcber Gemeinsinn und Eigennutz, \u00fcber r\u00f6misch-zentralistische Einstellungen in Bozen und Selbstbestimmung in der Gemeinde, \u00fcber den Wert von Gesundheit und den Wert des Geldes.<\/p><\/blockquote>\n<p>Warum kritisiert die <em>ff<\/em> r\u00f6misch-zentralistische Einstellungen, wenn sie von Bozen gegen die Selbstbestimmung einer Gemeinde vorgebracht werden, tut dies aber nie, wenn r\u00f6misch-zentralistische Einstellungen aus Rom gegen die Selbstbestimmung unseres Landes wirken? Im Gegenteil: Die Selbstbestimmung S\u00fcdtirols wird vom Wochenblatt recht h\u00e4ufig als grunds\u00e4tzlich gef\u00e4hrlich und hinterw\u00e4ldlerisch dargestellt (siehe <a title=\"Falle oder Chance?\" href=\"http:\/\/www.brennerbasisdemokratie.eu\/?p=14963\" rel=\"noopener noreferrer\"><code>01<\/code><\/a> <a title=\"Das Leben ist lebensgef\u00e4hrlich.\" href=\"http:\/\/www.brennerbasisdemokratie.eu\/?p=18274\" rel=\"noopener noreferrer\"><code>02<\/code><\/a>).<\/p>\n<p>Mair schlussfolgert in seinem Leitartikel:<\/p>\n<blockquote><p>Was die rechtliche Seite der Volksabstimmung angeht, gibt es bestimmt Unklarheiten. Aber wenn man nicht spitzfindig argumentiert, k\u00f6nnte man sagen, dass das Recht auf Gesundheit und eine gesunde Umwelt ein anderes Gewicht hat, auch juridisch, als das Recht des Bauern, Spritzmittel auszubringen. Man k\u00f6nnte ebenso daran erinnern, dass die Genehmigungspraxis der Europ\u00e4ischen Union f\u00fcr Pestizide fragw\u00fcrdig ist, dass sie zum Beispiel \u00fcberhaupt nicht in Rechnung stellt, wie verschiedene Mittel in Kombination wirken. Man k\u00f6nnte einwenden, dass bestimmte Mittel in anderen L\u00e4ndern schon verboten sind und dass man immer wieder Spritzmittel aus dem Verkehr zieht, die bei der Einf\u00fchrung als modern galten. Doch dar\u00fcber wollen weder Landespolitik noch Bauernbund ernsthaft diskutieren, man beruft sich lieber auf den Buchstaben des Gesetzes.<br \/>\n[\u2026] Die Menschen haben ein Recht darauf, ernst genommen zu werden.<\/p><\/blockquote>\n<p>Man k\u00f6nnte ohne gro\u00dfe argumentative Verrenkungen auch schreiben:<\/p>\n<blockquote><p>Was die rechtliche Seite der Unabh\u00e4ngigkeit angeht, gibt es bestimmt Unklarheiten. Aber wenn man nicht spitzfindig argumentiert, k\u00f6nnte man sagen, dass das Recht auf Selbstbestimmung ein anderes Gewicht hat, auch juridisch, als das Recht des Staates, ein Gebiet zu besitzen. Man k\u00f6nnte ebenso daran erinnern, dass die Annexion fragw\u00fcrdig war, dass sie zum Beispiel \u00fcberhaupt nicht in Rechnung stellte, was die Bev\u00f6lkerung w\u00fcnschte. Man k\u00f6nnte einwenden, dass die Selbstbestimmung in anderen L\u00e4ndern schon gew\u00e4hrt wurde und dass immer wieder neue Staaten entstehen, deren Gr\u00fcndung vorher als unrealistisch galt. Doch dar\u00fcber wollen weder Staats- noch Landespolitik ernsthaft diskutieren, man beruft sich lieber auf den Buchstaben des Gesetzes. [\u2026] Die Menschen haben ein Recht darauf, ernst genommen zu werden.<\/p><\/blockquote>","protected":false},"excerpt":{"rendered":"<p>Schon im September letzten Jahres war in der ff ein Leitartikel von Georg Mair erschienen, in dem er bez\u00fcglich der Malser Volksabstimmung wohltuende Argumente vorbrachte. So kritisierte er unter anderem, dass sich die Gegnerinnen eines Pestizidverbots hinter juristischen Spitzfindigkeiten verschanzten und forderte mehr Respekt f\u00fcr das Volk. Wir hatten dies honoriert, jedoch auch darauf hingewiesen, [&hellip;]<\/p>","protected":false},"author":1,"featured_media":0,"comment_status":"open","ping_status":"open","sticky":false,"template":"","format":"standard","meta":{"_crdt_document":"","ngg_post_thumbnail":0,"_jetpack_memberships_contains_paid_content":false,"footnotes":""},"categories":[1],"tags":[],"class_list":["post-22286","post","type-post","status-publish","format-standard","hentry","category-allgemein","issue-zitac","location-sudtirolo","language-deutsch","medium-ff","person-georg-mair","topic-medien","topic-mitbestimmung","topic-politik","topic-recht","topic-selbstbestimmung","topic-zentralismus"],"jetpack_featured_media_url":"","jetpack_sharing_enabled":true,"_links":{"self":[{"href":"https:\/\/www.brennerbasisdemokratie.eu\/index.php?rest_route=\/wp\/v2\/posts\/22286","targetHints":{"allow":["GET"]}}],"collection":[{"href":"https:\/\/www.brennerbasisdemokratie.eu\/index.php?rest_route=\/wp\/v2\/posts"}],"about":[{"href":"https:\/\/www.brennerbasisdemokratie.eu\/index.php?rest_route=\/wp\/v2\/types\/post"}],"author":[{"embeddable":true,"href":"https:\/\/www.brennerbasisdemokratie.eu\/index.php?rest_route=\/wp\/v2\/users\/1"}],"replies":[{"embeddable":true,"href":"https:\/\/www.brennerbasisdemokratie.eu\/index.php?rest_route=%2Fwp%2Fv2%2Fcomments&post=22286"}],"version-history":[{"count":9,"href":"https:\/\/www.brennerbasisdemokratie.eu\/index.php?rest_route=\/wp\/v2\/posts\/22286\/revisions"}],"predecessor-version":[{"id":52678,"href":"https:\/\/www.brennerbasisdemokratie.eu\/index.php?rest_route=\/wp\/v2\/posts\/22286\/revisions\/52678"}],"wp:attachment":[{"href":"https:\/\/www.brennerbasisdemokratie.eu\/index.php?rest_route=%2Fwp%2Fv2%2Fmedia&parent=22286"}],"wp:term":[{"taxonomy":"category","embeddable":true,"href":"https:\/\/www.brennerbasisdemokratie.eu\/index.php?rest_route=%2Fwp%2Fv2%2Fcategories&post=22286"},{"taxonomy":"post_tag","embeddable":true,"href":"https:\/\/www.brennerbasisdemokratie.eu\/index.php?rest_route=%2Fwp%2Fv2%2Ftags&post=22286"}],"curies":[{"name":"wp","href":"https:\/\/api.w.org\/{rel}","templated":true}]}}