{"id":22417,"date":"2015-02-04T10:16:15","date_gmt":"2015-02-04T09:16:15","guid":{"rendered":"http:\/\/www.brennerbasisdemokratie.eu\/?p=22417"},"modified":"2024-02-23T10:34:45","modified_gmt":"2024-02-23T09:34:45","slug":"ein-bisschen-schmiss-muss-sein","status":"publish","type":"post","link":"https:\/\/www.brennerbasisdemokratie.eu\/?p=22417","title":{"rendered":"Ein bisschen Schmiss muss sein."},"content":{"rendered":"<p>Die Schlacht ist geschlagen. Der heurige <a href=\"http:\/\/www.wiener-akademikerball.at\/\">Akademikerball<\/a>, der von der rechtspopulistischen <abbr title=\"Freiheitliche Partei \u00d6sterreichs\">FP\u00d6<\/abbr> in der Wiener Hofburg veranstaltet wird, ist Geschichte. Zur Erleichterung vieler war &#8220;die Schlacht&#8221; in diesem Jahr weniger blutig als in den Jahren zuvor. Der Ball bietet n\u00e4mlich den unterschiedlichsten Gruppierungen regelm\u00e4\u00dfig die M\u00f6glichkeit, <a href=\"http:\/\/dietagespresse.com\/traditionelle-krawallnacht-durch-gewaltlosen-protest-von-friedlichen-demonstranten-bedroht\/\">ihre Perversionen<\/a> auszuleben. Zum einen sind da linksanarchistische Berufschaoten, die unter dem Deckmantel des &#8220;Antifaschismus&#8221; liebend gerne Teile der Wiener Innenstadt in Schutt und Asche legen und einem wichtigen gesellschaftlichen Anliegen damit einen B\u00e4rendienst erweisen. Demgegen\u00fcber steht die Polizei, die unter dem Vorwand, f\u00fcr Recht, Ordnung und Sicherheit sorgen zu wollen, mit \u00fcbertriebener H\u00e4rte mitunter auch auf friedliche Demonstranten losgeht und somit den Verr\u00fcckten immer wieder Best\u00e4tigung ihrer Vorurteile verschafft. Drinnen in der Hofburg geben sich von der Mensur mit Schmissen entstellte &#8220;Erwachsene&#8221; und andere dubiose Gestalten ein Stelldichein, die auch schon einmal geschichtlichen Revisionismus im Sinne der Wiederbet\u00e4tigung als Meinungsfreiheit zu tarnen versuchen.<\/p>\n<p>Ein <a href=\"https:\/\/www.youtube.com\/watch?v=v9Db2-ylcH8\">Youtube-Video<\/a> des Kanals &#8220;FP\u00d6-TV&#8221; zeigt, dass bei diesem illustren Spektakel heuer auch ein paar S\u00fcdtiroler offenbar eine doch recht prominente Rolle spielten. Vorausgeschickt, dass selbstverst\u00e4ndlich nicht jeder Besucher des Akademikerballs ein Rechtsextremer oder gar Nazi sein muss, so ist es doch erstaunlich, warum ausgerechnet Exponenten der Freiheitlichen, der S\u00fcd-Tiroler Freiheit und der Sch\u00fctzen diesen \u2014 was die Klientel betrifft \u2014 doch zumindest &#8220;verd\u00e4chtigen&#8221; Ball besuchen.<\/p>\n<blockquote><p><a href=\"http:\/\/www.brennerbasisdemokratie.eu\/wp-content\/uploads\/2015\/02\/sch\u00fctzen.jpg\"><img loading=\"lazy\" decoding=\"async\" class=\"alignnone size-full wp-image-22422\" src=\"http:\/\/www.brennerbasisdemokratie.eu\/wp-content\/uploads\/2015\/02\/schuetzen.jpg\" alt=\"sch\u00fctzen\" width=\"870\" height=\"524\"\/><\/a><\/p><\/blockquote>\n<p><em><small>Sch\u00fctzen beim Einmarsch in den Ballsaal<\/small><\/em><\/p>\n<blockquote><p><a href=\"http:\/\/www.brennerbasisdemokratie.eu\/wp-content\/uploads\/2015\/02\/matthias-hofer.jpg\"><img loading=\"lazy\" decoding=\"async\" class=\"alignnone size-full wp-image-22420\" src=\"http:\/\/www.brennerbasisdemokratie.eu\/wp-content\/uploads\/2015\/02\/matthias-hofer.jpg\" alt=\"matthias hofer\" width=\"975\" height=\"599\" srcset=\"https:\/\/www.brennerbasisdemokratie.eu\/wp-content\/uploads\/2015\/02\/matthias-hofer.jpg 975w, https:\/\/www.brennerbasisdemokratie.eu\/wp-content\/uploads\/2015\/02\/matthias-hofer-488x300.jpg 488w\" sizes=\"auto, (max-width: 975px) 100vw, 975px\" \/><\/a><\/p><\/blockquote>\n<p><em><small>Matthias Hofer von der S\u00fcd-Tiroler Freiheit im Gespr\u00e4ch<\/small><\/em><\/p>\n<blockquote><p><a href=\"http:\/\/www.brennerbasisdemokratie.eu\/wp-content\/uploads\/2015\/02\/10462921_10206023676261139_4578103896873809012_n.jpg\"><img loading=\"lazy\" decoding=\"async\" class=\"alignnone size-full wp-image-22421\" src=\"http:\/\/www.brennerbasisdemokratie.eu\/wp-content\/uploads\/2015\/02\/10462921_10206023676261139_4578103896873809012_n.jpg\" alt=\"10462921_10206023676261139_4578103896873809012_n\" width=\"960\" height=\"642\" srcset=\"https:\/\/www.brennerbasisdemokratie.eu\/wp-content\/uploads\/2015\/02\/10462921_10206023676261139_4578103896873809012_n.jpg 960w, https:\/\/www.brennerbasisdemokratie.eu\/wp-content\/uploads\/2015\/02\/10462921_10206023676261139_4578103896873809012_n-449x300.jpg 449w\" sizes=\"auto, (max-width: 960px) 100vw, 960px\" \/><\/a><\/p><\/blockquote>\n<p><em><small>Der ehemalige freiheitliche Generalsekret\u00e4r Michael Demanega<\/small><\/em><\/p>\n<p><em><small>Quelle: <a href=\"http:\/\/antifameran.blogspot.it\/2015_02_01_archive.html\">Antifa Meran<\/a><\/small><\/em><\/p>\n<p>Wie dumm muss man sein, wenn man auf der einen Seite st\u00e4ndig bem\u00fcht ist, sich einmal mehr, einmal weniger glaubw\u00fcrdig von rechtsradikalen und nazifaschistischen Gesinnungen und Personen zu distanzieren &#8211; ja sogar aktiv gegen den Italofaschismus auftritt, um sich dann auf der anderen Seite freiwillig in den Dunstkreis von pflichtschlagenden, protofaschistischen und als rechtsextrem eingestuften Burschenschaften wie Teutonia und Olympia zu begeben?<\/p>\n<p><strong><span style=\"font-family: Helvetica, Arial, sans-serif; text-transform: uppercase;\">C\u00ebla enghe:<\/span><\/strong> <a title=\"Deutschnationalismus in Reinkultur.\" href=\"http:\/\/www.brennerbasisdemokratie.eu\/?p=7400\"><code>01<\/code><\/a> <span style=\"font-family: Helvetica, Arial, sans-serif; font-weight: normal;\">||<\/span> <a title=\"Houston, wir haben (k)ein Problem.\" href=\"http:\/\/www.brennerbasisdemokratie.eu\/?p=23145\"><span style=\"color: #ff8c00\"><code>01<\/code><\/span><\/a> <a title=\"Hofers Freunde.\" href=\"http:\/\/www.brennerbasisdemokratie.eu\/?p=39604\"><span style=\"color: #ff8c00\"><code>02<\/code><\/span><\/a> <a title=\"Die Identit\u00e4ren und S\u00fcdtirol.\" href=\"http:\/\/www.brennerbasisdemokratie.eu\/?p=47724\"><span style=\"color: #ff8c00\"><code>03<\/code><\/span><\/a> <a title=\"Unsch\u00f6ne Wendung.\" href=\"http:\/\/www.brennerbasisdemokratie.eu\/?p=28601\"><span style=\"color: #ff8c00\"><code>04<\/code><\/span><\/a> <a title=\"Mairs rechtsextreme Hand.\" href=\"https:\/\/www.brennerbasisdemokratie.eu\/?p=83992\" rel=\"\"><span style=\"color: #ff8c00\"><code>05<\/code><\/span><\/a><\/p>","protected":false},"excerpt":{"rendered":"<p>Die Schlacht ist geschlagen. Der heurige Akademikerball, der von der rechtspopulistischen FP\u00d6 in der Wiener Hofburg veranstaltet wird, ist Geschichte. Zur Erleichterung vieler war &#8220;die Schlacht&#8221; in diesem Jahr weniger blutig als in den Jahren zuvor. Der Ball bietet n\u00e4mlich den unterschiedlichsten Gruppierungen regelm\u00e4\u00dfig die M\u00f6glichkeit, ihre Perversionen auszuleben. Zum einen sind da linksanarchistische Berufschaoten, [&hellip;]<\/p>","protected":false},"author":8,"featured_media":0,"comment_status":"open","ping_status":"open","sticky":false,"template":"","format":"standard","meta":{"_crdt_document":"","ngg_post_thumbnail":0,"_jetpack_memberships_contains_paid_content":false,"footnotes":""},"categories":[1],"tags":[],"class_list":["post-22417","post","type-post","status-publish","format-standard","hentry","category-allgemein","entity-antifa-meran","entity-freiheitliche","entity-schutzen","entity-stf","location-osterreich","location-sudtirolo","language-deutsch","topic-faschismen","topic-feuilleton","topic-geschichte","topic-polizei"],"jetpack_featured_media_url":"","jetpack_sharing_enabled":true,"_links":{"self":[{"href":"https:\/\/www.brennerbasisdemokratie.eu\/index.php?rest_route=\/wp\/v2\/posts\/22417","targetHints":{"allow":["GET"]}}],"collection":[{"href":"https:\/\/www.brennerbasisdemokratie.eu\/index.php?rest_route=\/wp\/v2\/posts"}],"about":[{"href":"https:\/\/www.brennerbasisdemokratie.eu\/index.php?rest_route=\/wp\/v2\/types\/post"}],"author":[{"embeddable":true,"href":"https:\/\/www.brennerbasisdemokratie.eu\/index.php?rest_route=\/wp\/v2\/users\/8"}],"replies":[{"embeddable":true,"href":"https:\/\/www.brennerbasisdemokratie.eu\/index.php?rest_route=%2Fwp%2Fv2%2Fcomments&post=22417"}],"version-history":[{"count":13,"href":"https:\/\/www.brennerbasisdemokratie.eu\/index.php?rest_route=\/wp\/v2\/posts\/22417\/revisions"}],"predecessor-version":[{"id":84006,"href":"https:\/\/www.brennerbasisdemokratie.eu\/index.php?rest_route=\/wp\/v2\/posts\/22417\/revisions\/84006"}],"wp:attachment":[{"href":"https:\/\/www.brennerbasisdemokratie.eu\/index.php?rest_route=%2Fwp%2Fv2%2Fmedia&parent=22417"}],"wp:term":[{"taxonomy":"category","embeddable":true,"href":"https:\/\/www.brennerbasisdemokratie.eu\/index.php?rest_route=%2Fwp%2Fv2%2Fcategories&post=22417"},{"taxonomy":"post_tag","embeddable":true,"href":"https:\/\/www.brennerbasisdemokratie.eu\/index.php?rest_route=%2Fwp%2Fv2%2Ftags&post=22417"}],"curies":[{"name":"wp","href":"https:\/\/api.w.org\/{rel}","templated":true}]}}